{"id":33462,"date":"2018-01-18T10:11:26","date_gmt":"2018-01-18T08:11:26","guid":{"rendered":"https:\/\/www.criserb.com\/blog\/?p=33462"},"modified":"2018-01-18T10:11:26","modified_gmt":"2018-01-18T08:11:26","slug":"dupa-20-de-ani-de-casco-am-ales-sa-spun-pas","status":"publish","type":"post","link":"https:\/\/www.criserb.com\/blog\/dupa-20-de-ani-de-casco-am-ales-sa-spun-pas\/","title":{"rendered":"Dup\u0103 20 de ani de Casco am ales s\u0103 spun pas"},"content":{"rendered":"<p>Am dou\u0103 ma\u0219ini \u0219i \u00een general una st\u0103 pe acas\u0103. A mea. Cea a Danei o folosim zilnic \u00een ultima vreme. Poate pentru c\u0103 este mai nou\u0103, mai \u00eenchegat\u0103. Polo-ul meu are un tronc\u0103nit \u0219i m\u0103 enerveaz\u0103, a\u0219a c\u0103 st\u0103 cuminte \u00een curte. Mi-am tot promis c\u0103 am s\u0103-l duc la un mecanic, dar \u00eenc\u0103 n-am ajuns.<\/p>\n<p>Cert este c\u0103 pl\u0103team casco pentru el vreo 2000 lei pe an, \u00een condi\u021biile \u00een care ma\u0219ina are deja 11 ani. Ea merge bine, nu am niciun motiv s\u0103 o schimb, plus c\u0103 nu se \u0219tie niciodat\u0103 c\u00e2nd am nevoie de ea. Mai sunt momente \u00een care avem nevoie s\u0103 mergem cu 2 ma\u0219ini.<\/p>\n<p>Cumva m\u0103 simt aiurea, n-am avut niciodat\u0103 o ma\u0219in\u0103 f\u0103r\u0103 casco, dar parc\u0103 e mai aiurea s\u0103 pl\u0103tesc o sum\u0103 mare de bani pentru c\u00e2teva drumuri cu ma\u0219ina.<\/p>\n<p>La cealalt\u0103, a Danei, am s\u0103-i fac \u00een continuare, c\u0103 na, Dana e mai \u00eencep\u0103toare, cine \u0219tie. Casco e bun.<\/p>\n<p><strong>Voi cum sta\u021bi cu casco, considera\u021bi c\u0103 merit\u0103 s\u0103 pl\u0103ti\u021bi o sum\u0103 destul de mare pe an? V\u0103 face\u021bi casco?<\/strong> Sau cum v\u0103 descurca\u021bi \u00een cazul unei situa\u021bii \u00een care trebuie s\u0103 v\u0103 repara\u021bi ma\u0219ina pe banii vo\u0219tri? M\u0103 refer la cazurile \u00een care sum\u0103 e mai mare.<\/p>\n<p>S\u0103 nu \u00een\u021belege\u021bi c\u0103 nu-i bun casco, e foarte bun, nu am avut ce le repro\u0219a niciodat\u0103, dar \u00een situa\u021bia actual\u0103 am considerat c\u0103 este mai bine a\u0219a. Dac\u0103 am gre\u0219it sau nu&#8230; o s\u0103 vedem.<\/p>\n","protected":false},"excerpt":{"rendered":"<p>Am dou\u0103 ma\u0219ini \u0219i \u00een general una st\u0103 pe acas\u0103. A mea. Cea a Danei o folosim zilnic \u00een ultima vreme. Poate pentru c\u0103 este mai nou\u0103, mai \u00eenchegat\u0103. Polo-ul meu are un tronc\u0103nit \u0219i m\u0103 enerveaz\u0103, a\u0219a c\u0103 st\u0103 cuminte \u00een curte. Mi-am tot promis c\u0103 am s\u0103-l duc la un mecanic, dar \u00eenc\u0103&hellip;<\/p>\n","protected":false},"author":3,"featured_media":33463,"comment_status":"open","ping_status":"open","sticky":false,"template":"","format":"standard","meta":{"footnotes":""},"categories":[4],"tags":[930,1752],"yoast_head":"<!-- This site is optimized with the Yoast SEO plugin v24.5 - https:\/\/yoast.com\/wordpress\/plugins\/seo\/ -->\n<title>Dup\u0103 20 de ani de Casco am ales s\u0103 spun pas<\/title>\n<meta name=\"robots\" content=\"index, follow, max-snippet:-1, max-image-preview:large, max-video-preview:-1\" \/>\n<link rel=\"canonical\" href=\"https:\/\/www.criserb.com\/blog\/dupa-20-de-ani-de-casco-am-ales-sa-spun-pas\/\" \/>\n<meta name=\"twitter:label1\" content=\"Written by\" \/>\n\t<meta name=\"twitter:data1\" content=\"criserb\" \/>\n\t<meta name=\"twitter:label2\" content=\"Est. reading time\" \/>\n\t<meta name=\"twitter:data2\" content=\"1 minute\" \/>\n<script type=\"application\/ld+json\" class=\"yoast-schema-graph\">{\"@context\":\"https:\/\/schema.org\",\"@graph\":[{\"@type\":\"Article\",\"@id\":\"https:\/\/www.criserb.com\/blog\/dupa-20-de-ani-de-casco-am-ales-sa-spun-pas\/#article\",\"isPartOf\":{\"@id\":\"https:\/\/www.criserb.com\/blog\/dupa-20-de-ani-de-casco-am-ales-sa-spun-pas\/\"},\"author\":{\"name\":\"criserb\",\"@id\":\"https:\/\/www.criserb.com\/blog\/#\/schema\/person\/8df5199bda4e628c32a10f318d8602b5\"},\"headline\":\"Dup\u0103 20 de ani de Casco am ales s\u0103 spun pas\",\"datePublished\":\"2018-01-18T08:11:26+00:00\",\"mainEntityOfPage\":{\"@id\":\"https:\/\/www.criserb.com\/blog\/dupa-20-de-ani-de-casco-am-ales-sa-spun-pas\/\"},\"wordCount\":282,\"commentCount\":15,\"publisher\":{\"@id\":\"https:\/\/www.criserb.com\/blog\/#\/schema\/person\/8df5199bda4e628c32a10f318d8602b5\"},\"image\":{\"@id\":\"https:\/\/www.criserb.com\/blog\/dupa-20-de-ani-de-casco-am-ales-sa-spun-pas\/#primaryimage\"},\"thumbnailUrl\":\"https:\/\/www.criserb.com\/blog\/poze\/2018\/01\/20170111_075303.jpg\",\"keywords\":[\"CASCO\",\"Fortosu\"],\"articleSection\":[\"Masini\"],\"inLanguage\":\"en-US\",\"potentialAction\":[{\"@type\":\"CommentAction\",\"name\":\"Comment\",\"target\":[\"https:\/\/www.criserb.com\/blog\/dupa-20-de-ani-de-casco-am-ales-sa-spun-pas\/#respond\"]}]},{\"@type\":\"WebPage\",\"@id\":\"https:\/\/www.criserb.com\/blog\/dupa-20-de-ani-de-casco-am-ales-sa-spun-pas\/\",\"url\":\"https:\/\/www.criserb.com\/blog\/dupa-20-de-ani-de-casco-am-ales-sa-spun-pas\/\",\"name\":\"Dup\u0103 20 de ani de Casco am ales s\u0103 spun pas\",\"isPartOf\":{\"@id\":\"https:\/\/www.criserb.com\/blog\/#website\"},\"primaryImageOfPage\":{\"@id\":\"https:\/\/www.criserb.com\/blog\/dupa-20-de-ani-de-casco-am-ales-sa-spun-pas\/#primaryimage\"},\"image\":{\"@id\":\"https:\/\/www.criserb.com\/blog\/dupa-20-de-ani-de-casco-am-ales-sa-spun-pas\/#primaryimage\"},\"thumbnailUrl\":\"https:\/\/www.criserb.com\/blog\/poze\/2018\/01\/20170111_075303.jpg\",\"datePublished\":\"2018-01-18T08:11:26+00:00\",\"breadcrumb\":{\"@id\":\"https:\/\/www.criserb.com\/blog\/dupa-20-de-ani-de-casco-am-ales-sa-spun-pas\/#breadcrumb\"},\"inLanguage\":\"en-US\",\"potentialAction\":[{\"@type\":\"ReadAction\",\"target\":[\"https:\/\/www.criserb.com\/blog\/dupa-20-de-ani-de-casco-am-ales-sa-spun-pas\/\"]}]},{\"@type\":\"ImageObject\",\"inLanguage\":\"en-US\",\"@id\":\"https:\/\/www.criserb.com\/blog\/dupa-20-de-ani-de-casco-am-ales-sa-spun-pas\/#primaryimage\",\"url\":\"https:\/\/www.criserb.com\/blog\/poze\/2018\/01\/20170111_075303.jpg\",\"contentUrl\":\"https:\/\/www.criserb.com\/blog\/poze\/2018\/01\/20170111_075303.jpg\",\"width\":1124,\"height\":843},{\"@type\":\"BreadcrumbList\",\"@id\":\"https:\/\/www.criserb.com\/blog\/dupa-20-de-ani-de-casco-am-ales-sa-spun-pas\/#breadcrumb\",\"itemListElement\":[{\"@type\":\"ListItem\",\"position\":1,\"name\":\"Home\",\"item\":\"https:\/\/www.criserb.com\/blog\/\"},{\"@type\":\"ListItem\",\"position\":2,\"name\":\"Dup\u0103 20 de ani de Casco am ales s\u0103 spun pas\"}]},{\"@type\":\"WebSite\",\"@id\":\"https:\/\/www.criserb.com\/blog\/#website\",\"url\":\"https:\/\/www.criserb.com\/blog\/\",\"name\":\"criserb.com\",\"description\":\"Nimic ce merita citit :)\",\"publisher\":{\"@id\":\"https:\/\/www.criserb.com\/blog\/#\/schema\/person\/8df5199bda4e628c32a10f318d8602b5\"},\"potentialAction\":[{\"@type\":\"SearchAction\",\"target\":{\"@type\":\"EntryPoint\",\"urlTemplate\":\"https:\/\/www.criserb.com\/blog\/?s={search_term_string}\"},\"query-input\":{\"@type\":\"PropertyValueSpecification\",\"valueRequired\":true,\"valueName\":\"search_term_string\"}}],\"inLanguage\":\"en-US\"},{\"@type\":[\"Person\",\"Organization\"],\"@id\":\"https:\/\/www.criserb.com\/blog\/#\/schema\/person\/8df5199bda4e628c32a10f318d8602b5\",\"name\":\"criserb\",\"image\":{\"@type\":\"ImageObject\",\"inLanguage\":\"en-US\",\"@id\":\"https:\/\/www.criserb.com\/blog\/#\/schema\/person\/image\/\",\"url\":\"http:\/\/0.gravatar.com\/avatar\/fdb6cca710f39545f0c4b5b936c390b4?s=96&d=monsterid&r=pg\",\"contentUrl\":\"http:\/\/0.gravatar.com\/avatar\/fdb6cca710f39545f0c4b5b936c390b4?s=96&d=monsterid&r=pg\",\"caption\":\"criserb\"},\"logo\":{\"@id\":\"https:\/\/www.criserb.com\/blog\/#\/schema\/person\/image\/\"},\"sameAs\":[\"http:\/\/www.criserb.com\"],\"url\":\"https:\/\/www.criserb.com\/blog\/author\/criserb\/\"}]}<\/script>\n<!-- \/ Yoast SEO plugin. -->","yoast_head_json":{"title":"Dup\u0103 20 de ani de Casco am ales s\u0103 spun pas","robots":{"index":"index","follow":"follow","max-snippet":"max-snippet:-1","max-image-preview":"max-image-preview:large","max-video-preview":"max-video-preview:-1"},"canonical":"https:\/\/www.criserb.com\/blog\/dupa-20-de-ani-de-casco-am-ales-sa-spun-pas\/","twitter_misc":{"Written by":"criserb","Est. reading time":"1 minute"},"schema":{"@context":"https:\/\/schema.org","@graph":[{"@type":"Article","@id":"https:\/\/www.criserb.com\/blog\/dupa-20-de-ani-de-casco-am-ales-sa-spun-pas\/#article","isPartOf":{"@id":"https:\/\/www.criserb.com\/blog\/dupa-20-de-ani-de-casco-am-ales-sa-spun-pas\/"},"author":{"name":"criserb","@id":"https:\/\/www.criserb.com\/blog\/#\/schema\/person\/8df5199bda4e628c32a10f318d8602b5"},"headline":"Dup\u0103 20 de ani de Casco am ales s\u0103 spun pas","datePublished":"2018-01-18T08:11:26+00:00","mainEntityOfPage":{"@id":"https:\/\/www.criserb.com\/blog\/dupa-20-de-ani-de-casco-am-ales-sa-spun-pas\/"},"wordCount":282,"commentCount":15,"publisher":{"@id":"https:\/\/www.criserb.com\/blog\/#\/schema\/person\/8df5199bda4e628c32a10f318d8602b5"},"image":{"@id":"https:\/\/www.criserb.com\/blog\/dupa-20-de-ani-de-casco-am-ales-sa-spun-pas\/#primaryimage"},"thumbnailUrl":"https:\/\/www.criserb.com\/blog\/poze\/2018\/01\/20170111_075303.jpg","keywords":["CASCO","Fortosu"],"articleSection":["Masini"],"inLanguage":"en-US","potentialAction":[{"@type":"CommentAction","name":"Comment","target":["https:\/\/www.criserb.com\/blog\/dupa-20-de-ani-de-casco-am-ales-sa-spun-pas\/#respond"]}]},{"@type":"WebPage","@id":"https:\/\/www.criserb.com\/blog\/dupa-20-de-ani-de-casco-am-ales-sa-spun-pas\/","url":"https:\/\/www.criserb.com\/blog\/dupa-20-de-ani-de-casco-am-ales-sa-spun-pas\/","name":"Dup\u0103 20 de ani de Casco am ales s\u0103 spun pas","isPartOf":{"@id":"https:\/\/www.criserb.com\/blog\/#website"},"primaryImageOfPage":{"@id":"https:\/\/www.criserb.com\/blog\/dupa-20-de-ani-de-casco-am-ales-sa-spun-pas\/#primaryimage"},"image":{"@id":"https:\/\/www.criserb.com\/blog\/dupa-20-de-ani-de-casco-am-ales-sa-spun-pas\/#primaryimage"},"thumbnailUrl":"https:\/\/www.criserb.com\/blog\/poze\/2018\/01\/20170111_075303.jpg","datePublished":"2018-01-18T08:11:26+00:00","breadcrumb":{"@id":"https:\/\/www.criserb.com\/blog\/dupa-20-de-ani-de-casco-am-ales-sa-spun-pas\/#breadcrumb"},"inLanguage":"en-US","potentialAction":[{"@type":"ReadAction","target":["https:\/\/www.criserb.com\/blog\/dupa-20-de-ani-de-casco-am-ales-sa-spun-pas\/"]}]},{"@type":"ImageObject","inLanguage":"en-US","@id":"https:\/\/www.criserb.com\/blog\/dupa-20-de-ani-de-casco-am-ales-sa-spun-pas\/#primaryimage","url":"https:\/\/www.criserb.com\/blog\/poze\/2018\/01\/20170111_075303.jpg","contentUrl":"https:\/\/www.criserb.com\/blog\/poze\/2018\/01\/20170111_075303.jpg","width":1124,"height":843},{"@type":"BreadcrumbList","@id":"https:\/\/www.criserb.com\/blog\/dupa-20-de-ani-de-casco-am-ales-sa-spun-pas\/#breadcrumb","itemListElement":[{"@type":"ListItem","position":1,"name":"Home","item":"https:\/\/www.criserb.com\/blog\/"},{"@type":"ListItem","position":2,"name":"Dup\u0103 20 de ani de Casco am ales s\u0103 spun pas"}]},{"@type":"WebSite","@id":"https:\/\/www.criserb.com\/blog\/#website","url":"https:\/\/www.criserb.com\/blog\/","name":"criserb.com","description":"Nimic ce merita citit :)","publisher":{"@id":"https:\/\/www.criserb.com\/blog\/#\/schema\/person\/8df5199bda4e628c32a10f318d8602b5"},"potentialAction":[{"@type":"SearchAction","target":{"@type":"EntryPoint","urlTemplate":"https:\/\/www.criserb.com\/blog\/?s={search_term_string}"},"query-input":{"@type":"PropertyValueSpecification","valueRequired":true,"valueName":"search_term_string"}}],"inLanguage":"en-US"},{"@type":["Person","Organization"],"@id":"https:\/\/www.criserb.com\/blog\/#\/schema\/person\/8df5199bda4e628c32a10f318d8602b5","name":"criserb","image":{"@type":"ImageObject","inLanguage":"en-US","@id":"https:\/\/www.criserb.com\/blog\/#\/schema\/person\/image\/","url":"http:\/\/0.gravatar.com\/avatar\/fdb6cca710f39545f0c4b5b936c390b4?s=96&d=monsterid&r=pg","contentUrl":"http:\/\/0.gravatar.com\/avatar\/fdb6cca710f39545f0c4b5b936c390b4?s=96&d=monsterid&r=pg","caption":"criserb"},"logo":{"@id":"https:\/\/www.criserb.com\/blog\/#\/schema\/person\/image\/"},"sameAs":["http:\/\/www.criserb.com"],"url":"https:\/\/www.criserb.com\/blog\/author\/criserb\/"}]}},"_links":{"self":[{"href":"https:\/\/www.criserb.com\/blog\/wp-json\/wp\/v2\/posts\/33462"}],"collection":[{"href":"https:\/\/www.criserb.com\/blog\/wp-json\/wp\/v2\/posts"}],"about":[{"href":"https:\/\/www.criserb.com\/blog\/wp-json\/wp\/v2\/types\/post"}],"author":[{"embeddable":true,"href":"https:\/\/www.criserb.com\/blog\/wp-json\/wp\/v2\/users\/3"}],"replies":[{"embeddable":true,"href":"https:\/\/www.criserb.com\/blog\/wp-json\/wp\/v2\/comments?post=33462"}],"version-history":[{"count":0,"href":"https:\/\/www.criserb.com\/blog\/wp-json\/wp\/v2\/posts\/33462\/revisions"}],"wp:featuredmedia":[{"embeddable":true,"href":"https:\/\/www.criserb.com\/blog\/wp-json\/wp\/v2\/media\/33463"}],"wp:attachment":[{"href":"https:\/\/www.criserb.com\/blog\/wp-json\/wp\/v2\/media?parent=33462"}],"wp:term":[{"taxonomy":"category","embeddable":true,"href":"https:\/\/www.criserb.com\/blog\/wp-json\/wp\/v2\/categories?post=33462"},{"taxonomy":"post_tag","embeddable":true,"href":"https:\/\/www.criserb.com\/blog\/wp-json\/wp\/v2\/tags?post=33462"}],"curies":[{"name":"wp","href":"https:\/\/api.w.org\/{rel}","templated":true}]}}