{"id":33464,"date":"2018-01-19T12:18:32","date_gmt":"2018-01-19T10:18:32","guid":{"rendered":"https:\/\/www.criserb.com\/blog\/?p=33464"},"modified":"2018-01-19T12:18:32","modified_gmt":"2018-01-19T10:18:32","slug":"ne-mutam-cu-carca-sau-cu-o-firma-specializata-in-mutari","status":"publish","type":"post","link":"https:\/\/www.criserb.com\/blog\/ne-mutam-cu-carca-sau-cu-o-firma-specializata-in-mutari\/","title":{"rendered":"Ne mut\u0103m cu c\u00e2rca sau cu o firm\u0103 specializat\u0103 \u00een mut\u0103ri?"},"content":{"rendered":"<p>Diminea\u021b\u0103 vorbeam cu un prieten ce urmeaz\u0103 s\u0103 se mute dintr-un apartament \u00een altul \u0219i mi-am adus aminte de mutarea mea de la bloc la cas\u0103.<\/p>\n<p>\u00cen momentul \u0103la Alex era mic, avea sub un an \u0219i pentru a face mutarea mai u\u0219oar\u0103, a putea sta \u0219i cu el, am apelat la o firm\u0103 de mut\u0103ri.<\/p>\n<p>Cum a fost? A fost superb, motiv pentru care i-am recomandat \u0219i prietenului meu <a href=\"http:\/\/transportmobila-bucuresti.ro\" target=\"_blank\" rel=\"noopener\">aceea\u0219i firm\u0103<\/a>.<\/p>\n<p>Cum s-a \u00eent\u00e2mplat totul?<\/p>\n<p>Am stabilit la telefon ziua mut\u0103rii, le-am zis de unde plec\u0103m (etajul 4, f\u0103r\u0103 lift) \u0219i unde vrem s\u0103 ajungem (Bragadiru, Ilfov). Practic 18-20km mai \u00een sud.<\/p>\n<p>Oamenii au venit cu c\u00e2teva zile \u00eenainte, s-au uitat la ce e de mutat \u0219i \u00een ziua mut\u0103rii au fost la prima or\u0103 la mine la u\u0219\u0103. Trei sau patru oameni au fost, nu mai \u021bin minte exact.<\/p>\n<p>Noi nu am f\u0103cut mare lucru, n-am pus chilo\u021bii \u00eentr-o cutie, c\u0103 deh, am zis s\u0103 nu-i l\u0103s\u0103m pe oameni s\u0103 umble \u00een chilo\u021bii no\u0219tri, \u0219i \u00een rest ei au f\u0103cut tot.<\/p>\n<p>Au scos toate chestiile din dulapuri, le-au \u00eempachetat frumos \u00een cutii (aduse tot de ei), au scos vesela, chestiile fragile, practic tot ce-i \u00een casa unui om.<\/p>\n<p>Mobila au demontat-o tot ei, au \u00eenvelit-o \u00een folie. Chestiile mai fragile \u00een folie din aia cu bule de aer.<\/p>\n<p>Le-au cobor\u00e2t pe sc\u0103ri, patru etaje, le-au aranjat frumos \u00een camion \u0219i \u00een final au plecat cu tot apartamentul spre adresa de destina\u021bie.<\/p>\n<p>La destina\u021bie au montat mobila la loc au vrut chiar s\u0103 pun\u0103 \u0219i con\u021binutul cutiilor la loc \u00een dulapuri, dar am zis c\u0103 le punem noi.<\/p>\n<p>Am pl\u0103tit 1000 lei \u0219i au plecat.<\/p>\n<p>A fost cred cea mai bun\u0103 alegere pe care puteam s\u0103 o facem. N-am depus mare efort, doar ne-am \u00eenv\u00e2rtit pe acolo, mai mult \u00eencurc\u00e2ndu-i, pentru a supraveghea mutarea.<\/p>\n<p>De\u0219i nu era cazul, oamenii erau profesioni\u0219ti, se vedea c\u0103 fac asta zi de zi.<\/p>\n<p>\u00cen caz c\u0103 v\u0103 muta\u021bi, zis s\u0103 lua\u021bi \u00een calcul o asemenea variant\u0103. Nu v\u0103 mai doare spatele, nu v\u0103 pune\u021bi to\u021bi prietenii s\u0103 v\u0103 ajute, \u0219i mai ales ajunge\u021bi la destina\u021bie cu mobila \u00eentreag\u0103, f\u0103r\u0103 rupturi sau pere\u021bi zg\u00e2ria\u021bi.<\/p>\n<p><a href=\"https:\/\/www.criserb.com\/blog\/poze\/2018\/01\/20151205_152306.jpg\" data-lbwps-width=\"1862\" data-lbwps-height=\"1047\" data-lbwps-srcsmall=\"https:\/\/www.criserb.com\/blog\/poze\/2018\/01\/20151205_152306-300x169.jpg\"><img loading=\"lazy\" decoding=\"async\" class=\"aligncenter size-large wp-image-33465\" src=\"https:\/\/www.criserb.com\/blog\/poze\/2018\/01\/20151205_152306-1200x675.jpg\" alt=\"\" width=\"1200\" height=\"675\" srcset=\"https:\/\/www.criserb.com\/blog\/poze\/2018\/01\/20151205_152306-1200x675.jpg 1200w, https:\/\/www.criserb.com\/blog\/poze\/2018\/01\/20151205_152306-300x169.jpg 300w, https:\/\/www.criserb.com\/blog\/poze\/2018\/01\/20151205_152306-768x432.jpg 768w, https:\/\/www.criserb.com\/blog\/poze\/2018\/01\/20151205_152306.jpg 1862w\" sizes=\"(max-width: 1200px) 100vw, 1200px\" \/><\/a><\/p>\n","protected":false},"excerpt":{"rendered":"<p>Diminea\u021b\u0103 vorbeam cu un prieten ce urmeaz\u0103 s\u0103 se mute dintr-un apartament \u00een altul \u0219i mi-am adus aminte de mutarea mea de la bloc la cas\u0103. \u00cen momentul \u0103la Alex era mic, avea sub un an \u0219i pentru a face mutarea mai u\u0219oar\u0103, a putea sta \u0219i cu el, am apelat la o firm\u0103 de&hellip;<\/p>\n","protected":false},"author":3,"featured_media":33465,"comment_status":"open","ping_status":"open","sticky":false,"template":"","format":"standard","meta":{"footnotes":""},"categories":[55,318],"tags":[7559,1844],"yoast_head":"<!-- This site is optimized with the Yoast SEO plugin v24.5 - https:\/\/yoast.com\/wordpress\/plugins\/seo\/ -->\n<title>Ne mut\u0103m cu c\u00e2rca sau cu o firm\u0103 specializat\u0103 \u00een mut\u0103ri?<\/title>\n<meta name=\"robots\" content=\"index, follow, max-snippet:-1, max-image-preview:large, max-video-preview:-1\" \/>\n<link rel=\"canonical\" href=\"https:\/\/www.criserb.com\/blog\/ne-mutam-cu-carca-sau-cu-o-firma-specializata-in-mutari\/\" \/>\n<meta name=\"twitter:label1\" content=\"Written by\" \/>\n\t<meta name=\"twitter:data1\" content=\"criserb\" \/>\n\t<meta name=\"twitter:label2\" content=\"Est. reading time\" \/>\n\t<meta name=\"twitter:data2\" content=\"2 minutes\" \/>\n<script type=\"application\/ld+json\" class=\"yoast-schema-graph\">{\"@context\":\"https:\/\/schema.org\",\"@graph\":[{\"@type\":\"Article\",\"@id\":\"https:\/\/www.criserb.com\/blog\/ne-mutam-cu-carca-sau-cu-o-firma-specializata-in-mutari\/#article\",\"isPartOf\":{\"@id\":\"https:\/\/www.criserb.com\/blog\/ne-mutam-cu-carca-sau-cu-o-firma-specializata-in-mutari\/\"},\"author\":{\"name\":\"criserb\",\"@id\":\"https:\/\/www.criserb.com\/blog\/#\/schema\/person\/8df5199bda4e628c32a10f318d8602b5\"},\"headline\":\"Ne mut\u0103m cu c\u00e2rca sau cu o firm\u0103 specializat\u0103 \u00een mut\u0103ri?\",\"datePublished\":\"2018-01-19T10:18:32+00:00\",\"mainEntityOfPage\":{\"@id\":\"https:\/\/www.criserb.com\/blog\/ne-mutam-cu-carca-sau-cu-o-firma-specializata-in-mutari\/\"},\"wordCount\":409,\"commentCount\":3,\"publisher\":{\"@id\":\"https:\/\/www.criserb.com\/blog\/#\/schema\/person\/8df5199bda4e628c32a10f318d8602b5\"},\"image\":{\"@id\":\"https:\/\/www.criserb.com\/blog\/ne-mutam-cu-carca-sau-cu-o-firma-specializata-in-mutari\/#primaryimage\"},\"thumbnailUrl\":\"https:\/\/www.criserb.com\/blog\/poze\/2018\/01\/20151205_152306.jpg\",\"keywords\":[\"Firm\u0103 de mutat\",\"Mutare\"],\"articleSection\":[\"Amintiri\",\"casa\"],\"inLanguage\":\"en-US\",\"potentialAction\":[{\"@type\":\"CommentAction\",\"name\":\"Comment\",\"target\":[\"https:\/\/www.criserb.com\/blog\/ne-mutam-cu-carca-sau-cu-o-firma-specializata-in-mutari\/#respond\"]}]},{\"@type\":\"WebPage\",\"@id\":\"https:\/\/www.criserb.com\/blog\/ne-mutam-cu-carca-sau-cu-o-firma-specializata-in-mutari\/\",\"url\":\"https:\/\/www.criserb.com\/blog\/ne-mutam-cu-carca-sau-cu-o-firma-specializata-in-mutari\/\",\"name\":\"Ne mut\u0103m cu c\u00e2rca sau cu o firm\u0103 specializat\u0103 \u00een mut\u0103ri?\",\"isPartOf\":{\"@id\":\"https:\/\/www.criserb.com\/blog\/#website\"},\"primaryImageOfPage\":{\"@id\":\"https:\/\/www.criserb.com\/blog\/ne-mutam-cu-carca-sau-cu-o-firma-specializata-in-mutari\/#primaryimage\"},\"image\":{\"@id\":\"https:\/\/www.criserb.com\/blog\/ne-mutam-cu-carca-sau-cu-o-firma-specializata-in-mutari\/#primaryimage\"},\"thumbnailUrl\":\"https:\/\/www.criserb.com\/blog\/poze\/2018\/01\/20151205_152306.jpg\",\"datePublished\":\"2018-01-19T10:18:32+00:00\",\"breadcrumb\":{\"@id\":\"https:\/\/www.criserb.com\/blog\/ne-mutam-cu-carca-sau-cu-o-firma-specializata-in-mutari\/#breadcrumb\"},\"inLanguage\":\"en-US\",\"potentialAction\":[{\"@type\":\"ReadAction\",\"target\":[\"https:\/\/www.criserb.com\/blog\/ne-mutam-cu-carca-sau-cu-o-firma-specializata-in-mutari\/\"]}]},{\"@type\":\"ImageObject\",\"inLanguage\":\"en-US\",\"@id\":\"https:\/\/www.criserb.com\/blog\/ne-mutam-cu-carca-sau-cu-o-firma-specializata-in-mutari\/#primaryimage\",\"url\":\"https:\/\/www.criserb.com\/blog\/poze\/2018\/01\/20151205_152306.jpg\",\"contentUrl\":\"https:\/\/www.criserb.com\/blog\/poze\/2018\/01\/20151205_152306.jpg\",\"width\":1862,\"height\":1047},{\"@type\":\"BreadcrumbList\",\"@id\":\"https:\/\/www.criserb.com\/blog\/ne-mutam-cu-carca-sau-cu-o-firma-specializata-in-mutari\/#breadcrumb\",\"itemListElement\":[{\"@type\":\"ListItem\",\"position\":1,\"name\":\"Home\",\"item\":\"https:\/\/www.criserb.com\/blog\/\"},{\"@type\":\"ListItem\",\"position\":2,\"name\":\"Ne mut\u0103m cu c\u00e2rca sau cu o firm\u0103 specializat\u0103 \u00een mut\u0103ri?\"}]},{\"@type\":\"WebSite\",\"@id\":\"https:\/\/www.criserb.com\/blog\/#website\",\"url\":\"https:\/\/www.criserb.com\/blog\/\",\"name\":\"criserb.com\",\"description\":\"Nimic ce merita citit :)\",\"publisher\":{\"@id\":\"https:\/\/www.criserb.com\/blog\/#\/schema\/person\/8df5199bda4e628c32a10f318d8602b5\"},\"potentialAction\":[{\"@type\":\"SearchAction\",\"target\":{\"@type\":\"EntryPoint\",\"urlTemplate\":\"https:\/\/www.criserb.com\/blog\/?s={search_term_string}\"},\"query-input\":{\"@type\":\"PropertyValueSpecification\",\"valueRequired\":true,\"valueName\":\"search_term_string\"}}],\"inLanguage\":\"en-US\"},{\"@type\":[\"Person\",\"Organization\"],\"@id\":\"https:\/\/www.criserb.com\/blog\/#\/schema\/person\/8df5199bda4e628c32a10f318d8602b5\",\"name\":\"criserb\",\"image\":{\"@type\":\"ImageObject\",\"inLanguage\":\"en-US\",\"@id\":\"https:\/\/www.criserb.com\/blog\/#\/schema\/person\/image\/\",\"url\":\"http:\/\/0.gravatar.com\/avatar\/fdb6cca710f39545f0c4b5b936c390b4?s=96&d=monsterid&r=pg\",\"contentUrl\":\"http:\/\/0.gravatar.com\/avatar\/fdb6cca710f39545f0c4b5b936c390b4?s=96&d=monsterid&r=pg\",\"caption\":\"criserb\"},\"logo\":{\"@id\":\"https:\/\/www.criserb.com\/blog\/#\/schema\/person\/image\/\"},\"sameAs\":[\"http:\/\/www.criserb.com\"],\"url\":\"https:\/\/www.criserb.com\/blog\/author\/criserb\/\"}]}<\/script>\n<!-- \/ Yoast SEO plugin. -->","yoast_head_json":{"title":"Ne mut\u0103m cu c\u00e2rca sau cu o firm\u0103 specializat\u0103 \u00een mut\u0103ri?","robots":{"index":"index","follow":"follow","max-snippet":"max-snippet:-1","max-image-preview":"max-image-preview:large","max-video-preview":"max-video-preview:-1"},"canonical":"https:\/\/www.criserb.com\/blog\/ne-mutam-cu-carca-sau-cu-o-firma-specializata-in-mutari\/","twitter_misc":{"Written by":"criserb","Est. reading time":"2 minutes"},"schema":{"@context":"https:\/\/schema.org","@graph":[{"@type":"Article","@id":"https:\/\/www.criserb.com\/blog\/ne-mutam-cu-carca-sau-cu-o-firma-specializata-in-mutari\/#article","isPartOf":{"@id":"https:\/\/www.criserb.com\/blog\/ne-mutam-cu-carca-sau-cu-o-firma-specializata-in-mutari\/"},"author":{"name":"criserb","@id":"https:\/\/www.criserb.com\/blog\/#\/schema\/person\/8df5199bda4e628c32a10f318d8602b5"},"headline":"Ne mut\u0103m cu c\u00e2rca sau cu o firm\u0103 specializat\u0103 \u00een mut\u0103ri?","datePublished":"2018-01-19T10:18:32+00:00","mainEntityOfPage":{"@id":"https:\/\/www.criserb.com\/blog\/ne-mutam-cu-carca-sau-cu-o-firma-specializata-in-mutari\/"},"wordCount":409,"commentCount":3,"publisher":{"@id":"https:\/\/www.criserb.com\/blog\/#\/schema\/person\/8df5199bda4e628c32a10f318d8602b5"},"image":{"@id":"https:\/\/www.criserb.com\/blog\/ne-mutam-cu-carca-sau-cu-o-firma-specializata-in-mutari\/#primaryimage"},"thumbnailUrl":"https:\/\/www.criserb.com\/blog\/poze\/2018\/01\/20151205_152306.jpg","keywords":["Firm\u0103 de mutat","Mutare"],"articleSection":["Amintiri","casa"],"inLanguage":"en-US","potentialAction":[{"@type":"CommentAction","name":"Comment","target":["https:\/\/www.criserb.com\/blog\/ne-mutam-cu-carca-sau-cu-o-firma-specializata-in-mutari\/#respond"]}]},{"@type":"WebPage","@id":"https:\/\/www.criserb.com\/blog\/ne-mutam-cu-carca-sau-cu-o-firma-specializata-in-mutari\/","url":"https:\/\/www.criserb.com\/blog\/ne-mutam-cu-carca-sau-cu-o-firma-specializata-in-mutari\/","name":"Ne mut\u0103m cu c\u00e2rca sau cu o firm\u0103 specializat\u0103 \u00een mut\u0103ri?","isPartOf":{"@id":"https:\/\/www.criserb.com\/blog\/#website"},"primaryImageOfPage":{"@id":"https:\/\/www.criserb.com\/blog\/ne-mutam-cu-carca-sau-cu-o-firma-specializata-in-mutari\/#primaryimage"},"image":{"@id":"https:\/\/www.criserb.com\/blog\/ne-mutam-cu-carca-sau-cu-o-firma-specializata-in-mutari\/#primaryimage"},"thumbnailUrl":"https:\/\/www.criserb.com\/blog\/poze\/2018\/01\/20151205_152306.jpg","datePublished":"2018-01-19T10:18:32+00:00","breadcrumb":{"@id":"https:\/\/www.criserb.com\/blog\/ne-mutam-cu-carca-sau-cu-o-firma-specializata-in-mutari\/#breadcrumb"},"inLanguage":"en-US","potentialAction":[{"@type":"ReadAction","target":["https:\/\/www.criserb.com\/blog\/ne-mutam-cu-carca-sau-cu-o-firma-specializata-in-mutari\/"]}]},{"@type":"ImageObject","inLanguage":"en-US","@id":"https:\/\/www.criserb.com\/blog\/ne-mutam-cu-carca-sau-cu-o-firma-specializata-in-mutari\/#primaryimage","url":"https:\/\/www.criserb.com\/blog\/poze\/2018\/01\/20151205_152306.jpg","contentUrl":"https:\/\/www.criserb.com\/blog\/poze\/2018\/01\/20151205_152306.jpg","width":1862,"height":1047},{"@type":"BreadcrumbList","@id":"https:\/\/www.criserb.com\/blog\/ne-mutam-cu-carca-sau-cu-o-firma-specializata-in-mutari\/#breadcrumb","itemListElement":[{"@type":"ListItem","position":1,"name":"Home","item":"https:\/\/www.criserb.com\/blog\/"},{"@type":"ListItem","position":2,"name":"Ne mut\u0103m cu c\u00e2rca sau cu o firm\u0103 specializat\u0103 \u00een mut\u0103ri?"}]},{"@type":"WebSite","@id":"https:\/\/www.criserb.com\/blog\/#website","url":"https:\/\/www.criserb.com\/blog\/","name":"criserb.com","description":"Nimic ce merita citit :)","publisher":{"@id":"https:\/\/www.criserb.com\/blog\/#\/schema\/person\/8df5199bda4e628c32a10f318d8602b5"},"potentialAction":[{"@type":"SearchAction","target":{"@type":"EntryPoint","urlTemplate":"https:\/\/www.criserb.com\/blog\/?s={search_term_string}"},"query-input":{"@type":"PropertyValueSpecification","valueRequired":true,"valueName":"search_term_string"}}],"inLanguage":"en-US"},{"@type":["Person","Organization"],"@id":"https:\/\/www.criserb.com\/blog\/#\/schema\/person\/8df5199bda4e628c32a10f318d8602b5","name":"criserb","image":{"@type":"ImageObject","inLanguage":"en-US","@id":"https:\/\/www.criserb.com\/blog\/#\/schema\/person\/image\/","url":"http:\/\/0.gravatar.com\/avatar\/fdb6cca710f39545f0c4b5b936c390b4?s=96&d=monsterid&r=pg","contentUrl":"http:\/\/0.gravatar.com\/avatar\/fdb6cca710f39545f0c4b5b936c390b4?s=96&d=monsterid&r=pg","caption":"criserb"},"logo":{"@id":"https:\/\/www.criserb.com\/blog\/#\/schema\/person\/image\/"},"sameAs":["http:\/\/www.criserb.com"],"url":"https:\/\/www.criserb.com\/blog\/author\/criserb\/"}]}},"_links":{"self":[{"href":"https:\/\/www.criserb.com\/blog\/wp-json\/wp\/v2\/posts\/33464"}],"collection":[{"href":"https:\/\/www.criserb.com\/blog\/wp-json\/wp\/v2\/posts"}],"about":[{"href":"https:\/\/www.criserb.com\/blog\/wp-json\/wp\/v2\/types\/post"}],"author":[{"embeddable":true,"href":"https:\/\/www.criserb.com\/blog\/wp-json\/wp\/v2\/users\/3"}],"replies":[{"embeddable":true,"href":"https:\/\/www.criserb.com\/blog\/wp-json\/wp\/v2\/comments?post=33464"}],"version-history":[{"count":0,"href":"https:\/\/www.criserb.com\/blog\/wp-json\/wp\/v2\/posts\/33464\/revisions"}],"wp:featuredmedia":[{"embeddable":true,"href":"https:\/\/www.criserb.com\/blog\/wp-json\/wp\/v2\/media\/33465"}],"wp:attachment":[{"href":"https:\/\/www.criserb.com\/blog\/wp-json\/wp\/v2\/media?parent=33464"}],"wp:term":[{"taxonomy":"category","embeddable":true,"href":"https:\/\/www.criserb.com\/blog\/wp-json\/wp\/v2\/categories?post=33464"},{"taxonomy":"post_tag","embeddable":true,"href":"https:\/\/www.criserb.com\/blog\/wp-json\/wp\/v2\/tags?post=33464"}],"curies":[{"name":"wp","href":"https:\/\/api.w.org\/{rel}","templated":true}]}}