{"id":33562,"date":"2018-03-05T10:29:33","date_gmt":"2018-03-05T08:29:33","guid":{"rendered":"https:\/\/www.criserb.com\/blog\/?p=33562"},"modified":"2018-03-05T10:29:33","modified_gmt":"2018-03-05T08:29:33","slug":"un-nou-cos-de-gunoi-si-rearanjarea-spatiului-de-sub-chiuveta-din-bucatarie","status":"publish","type":"post","link":"https:\/\/www.criserb.com\/blog\/un-nou-cos-de-gunoi-si-rearanjarea-spatiului-de-sub-chiuveta-din-bucatarie\/","title":{"rendered":"Un nou co\u0219 de gunoi \u0219i rearanjarea spa\u021biului de sub chiuveta din buc\u0103t\u0103rie"},"content":{"rendered":"<p>Zilele trecute <a href=\"https:\/\/www.facebook.com\/criserb\/posts\/10156202628094886\" target=\"_blank\" rel=\"noopener\">v\u0103 \u00eentrebam<\/a>, pe facebook, ce volum trebuie s\u0103 aib\u0103 un co\u0219 standard de gunoi, pentru c\u0103 aveam inten\u021bia s\u0103-l schimb pe al meu, fiind prea mare. Practic, din 3-4 saci umpleam pubela din curte \u0219i m\u0103 enerva c\u0103 pierdeam prea mult spa\u021biu, cu golul dintre saci.<\/p>\n<p>Lucian mi-a dat <a href=\"https:\/\/www.hornbach.ro\/shop\/Sistem-incastrabil-de-separare-a-deseurilor-Hailo-Multi-Box-2x15-l\/2674944\/produs.html\" target=\"_blank\" rel=\"noopener\">un link<\/a> cu co\u0219ul lui \u0219i mi s-a p\u0103rut foarte mi\u0219to, a\u0219a c\u0103 m-am dus \u0219i l-am cump\u0103rat. A fost mult mai scump dec\u00e2t \u00eemi imaginam c\u0103 o s\u0103 dau pe un co\u0219 de gunoi, dar acum c\u0103-l am \u0219i l-am instalat nu regret deloc.<\/p>\n<p>L-am luat de la Horbanch, l-am montat \u0219i dup\u0103 aia mi-am dat seama c\u0103 spa\u021biul de sub chiuvet\u0103 acum pot s\u0103-l compartimentez mult mai bine. Am mai dat o fug\u0103 la Hornbach, am cump\u0103rat ni\u0219te pl\u0103ci de pal, t\u0103iate la dimensiunile de care aveam nevoie, \u0219i cu ajutorul a ni\u0219te \u0219uruburi \u0219i a c\u00e2torva col\u021bare metalice am compartimentat spa\u021biul mult mai bine.<\/p>\n<p>Ca s\u0103 v\u0103 face\u021bi o idee, \u00eenainte era a\u0219a.<\/p>\n<p><a href=\"https:\/\/www.criserb.com\/blog\/poze\/2018\/03\/20180304_172229.jpg\" data-lbwps-width=\"1600\" data-lbwps-height=\"1200\" data-lbwps-srcsmall=\"https:\/\/www.criserb.com\/blog\/poze\/2018\/03\/20180304_172229-300x225.jpg\"><img loading=\"lazy\" decoding=\"async\" class=\"aligncenter size-large wp-image-33563\" src=\"https:\/\/www.criserb.com\/blog\/poze\/2018\/03\/20180304_172229-1200x900.jpg\" alt=\"\" width=\"1200\" height=\"900\" srcset=\"https:\/\/www.criserb.com\/blog\/poze\/2018\/03\/20180304_172229-1200x900.jpg 1200w, https:\/\/www.criserb.com\/blog\/poze\/2018\/03\/20180304_172229-300x225.jpg 300w, https:\/\/www.criserb.com\/blog\/poze\/2018\/03\/20180304_172229-768x576.jpg 768w, https:\/\/www.criserb.com\/blog\/poze\/2018\/03\/20180304_172229.jpg 1600w\" sizes=\"(max-width: 1200px) 100vw, 1200px\" \/><\/a><\/p>\n<p>Iar la final, dup\u0103 ce am me\u0219terit pu\u021bin, aveam a\u0219a.<\/p>\n<p><a href=\"https:\/\/www.criserb.com\/blog\/poze\/2018\/03\/20180304_194844.jpg\" data-lbwps-width=\"1600\" data-lbwps-height=\"1200\" data-lbwps-srcsmall=\"https:\/\/www.criserb.com\/blog\/poze\/2018\/03\/20180304_194844-300x225.jpg\"><img loading=\"lazy\" decoding=\"async\" class=\"aligncenter size-large wp-image-33564\" src=\"https:\/\/www.criserb.com\/blog\/poze\/2018\/03\/20180304_194844-1200x900.jpg\" alt=\"\" width=\"1200\" height=\"900\" srcset=\"https:\/\/www.criserb.com\/blog\/poze\/2018\/03\/20180304_194844-1200x900.jpg 1200w, https:\/\/www.criserb.com\/blog\/poze\/2018\/03\/20180304_194844-300x225.jpg 300w, https:\/\/www.criserb.com\/blog\/poze\/2018\/03\/20180304_194844-768x576.jpg 768w, https:\/\/www.criserb.com\/blog\/poze\/2018\/03\/20180304_194844.jpg 1600w\" sizes=\"(max-width: 1200px) 100vw, 1200px\" \/><\/a><\/p>\n<p><a href=\"https:\/\/www.criserb.com\/blog\/poze\/2018\/03\/20180304_194855.jpg\" data-lbwps-width=\"1600\" data-lbwps-height=\"1200\" data-lbwps-srcsmall=\"https:\/\/www.criserb.com\/blog\/poze\/2018\/03\/20180304_194855-300x225.jpg\"><img loading=\"lazy\" decoding=\"async\" class=\"aligncenter size-large wp-image-33565\" src=\"https:\/\/www.criserb.com\/blog\/poze\/2018\/03\/20180304_194855-1200x900.jpg\" alt=\"\" width=\"1200\" height=\"900\" srcset=\"https:\/\/www.criserb.com\/blog\/poze\/2018\/03\/20180304_194855-1200x900.jpg 1200w, https:\/\/www.criserb.com\/blog\/poze\/2018\/03\/20180304_194855-300x225.jpg 300w, https:\/\/www.criserb.com\/blog\/poze\/2018\/03\/20180304_194855-768x576.jpg 768w, https:\/\/www.criserb.com\/blog\/poze\/2018\/03\/20180304_194855.jpg 1600w\" sizes=\"(max-width: 1200px) 100vw, 1200px\" \/><\/a><\/p>\n<p><a href=\"https:\/\/www.criserb.com\/blog\/poze\/2018\/03\/20180304_200547.jpg\" data-lbwps-width=\"1600\" data-lbwps-height=\"1200\" data-lbwps-srcsmall=\"https:\/\/www.criserb.com\/blog\/poze\/2018\/03\/20180304_200547-300x225.jpg\"><img loading=\"lazy\" decoding=\"async\" class=\"aligncenter size-large wp-image-33566\" src=\"https:\/\/www.criserb.com\/blog\/poze\/2018\/03\/20180304_200547-1200x900.jpg\" alt=\"\" width=\"1200\" height=\"900\" srcset=\"https:\/\/www.criserb.com\/blog\/poze\/2018\/03\/20180304_200547-1200x900.jpg 1200w, https:\/\/www.criserb.com\/blog\/poze\/2018\/03\/20180304_200547-300x225.jpg 300w, https:\/\/www.criserb.com\/blog\/poze\/2018\/03\/20180304_200547-768x576.jpg 768w, https:\/\/www.criserb.com\/blog\/poze\/2018\/03\/20180304_200547.jpg 1600w\" sizes=\"(max-width: 1200px) 100vw, 1200px\" \/><\/a><\/p>\n<p>Cred c\u0103 e mult mai bine, am mai mult loc, \u0219i e mai organizat\u0103 treaba.<\/p>\n<p>Din p\u0103cate nu mi-am dat seama c\u0103 trebuie s\u0103 pun cant \u0219i pe partea superioar\u0103 a pl\u0103cii din mijloc \u0219i la final mi-a fost lene s\u0103 o dau jos pentru aceast\u0103 opera\u021biune. Cine \u0219tie, poate vreodat\u0103 am s\u0103 fac \u0219i asta :) (cantul, pentru cine nu \u0219tie <a href=\"https:\/\/www.criserb.com\/blog\/cum-se-pune-cantul-abs\/\" target=\"_blank\" rel=\"noopener\">se pune super simplu<\/a>, ave\u021bi nevoie doar de un fier de c\u0103lcat \u0219i un cutter)<\/p>\n<p>Co\u0219ul de gunoi e ceea ce trebuie, e de o dimensiune potrivit\u0103, 15L bucata \u0219i sunt 2. \u00cen cel din fa\u021b\u0103 arunc chestii ce se pot \u00eempu\u021bi iar \u00een cel din spate chestii ce se pot recicla.<\/p>\n<p>Pentru compartimentare, pal-ul m-a costat undeva la 25 de lei, deci nu e mare efort financiar iar rezultatul, zic eu, este pe m\u0103sur\u0103.<\/p>\n<p>Probabil am s\u0103 mai fac \u0219i prin restul dulapurilor astfel de compartiment\u0103ri, c\u0103-i mult spa\u021biu irosit prin dulapuri.<\/p>\n<p>Cei mai noi pe aici, \u0219i dornici s\u0103 \u00eembun\u0103t\u0103\u021beasc\u0103 pe ici pe colo, s\u0103 arunce un ochi \u0219i pe cum am compartimentat <a href=\"https:\/\/www.criserb.com\/blog\/compartimentare-sertar-bucatarie\/\" target=\"_blank\" rel=\"noopener\">sertarul cu tac\u00e2muri \u0219i ustensile de buc\u0103t\u0103rie<\/a>, poate v\u0103 inspir\u0103.<\/p>\n<p>Voi ce lucr\u0103ri de genul a\u021bi mai f\u0103cut, poate \u00eemi mai dati idei? :)<\/p>\n","protected":false},"excerpt":{"rendered":"<p>Zilele trecute v\u0103 \u00eentrebam, pe facebook, ce volum trebuie s\u0103 aib\u0103 un co\u0219 standard de gunoi, pentru c\u0103 aveam inten\u021bia s\u0103-l schimb pe al meu, fiind prea mare. Practic, din 3-4 saci umpleam pubela din curte \u0219i m\u0103 enerva c\u0103 pierdeam prea mult spa\u021biu, cu golul dintre saci. Lucian mi-a dat un link cu co\u0219ul&hellip;<\/p>\n","protected":false},"author":3,"featured_media":33567,"comment_status":"open","ping_status":"open","sticky":false,"template":"","format":"standard","meta":{"footnotes":""},"categories":[1678],"tags":[7574,7573,794],"yoast_head":"<!-- This site is optimized with the Yoast SEO plugin v24.5 - https:\/\/yoast.com\/wordpress\/plugins\/seo\/ -->\n<title>Un nou co\u0219 de gunoi \u0219i rearanjarea spa\u021biului de sub chiuveta din buc\u0103t\u0103rie<\/title>\n<meta name=\"robots\" content=\"index, follow, max-snippet:-1, max-image-preview:large, max-video-preview:-1\" \/>\n<link rel=\"canonical\" href=\"https:\/\/www.criserb.com\/blog\/un-nou-cos-de-gunoi-si-rearanjarea-spatiului-de-sub-chiuveta-din-bucatarie\/\" \/>\n<meta name=\"twitter:label1\" content=\"Written by\" \/>\n\t<meta name=\"twitter:data1\" content=\"criserb\" \/>\n\t<meta name=\"twitter:label2\" content=\"Est. reading time\" \/>\n\t<meta name=\"twitter:data2\" content=\"2 minutes\" \/>\n<script type=\"application\/ld+json\" class=\"yoast-schema-graph\">{\"@context\":\"https:\/\/schema.org\",\"@graph\":[{\"@type\":\"Article\",\"@id\":\"https:\/\/www.criserb.com\/blog\/un-nou-cos-de-gunoi-si-rearanjarea-spatiului-de-sub-chiuveta-din-bucatarie\/#article\",\"isPartOf\":{\"@id\":\"https:\/\/www.criserb.com\/blog\/un-nou-cos-de-gunoi-si-rearanjarea-spatiului-de-sub-chiuveta-din-bucatarie\/\"},\"author\":{\"name\":\"criserb\",\"@id\":\"https:\/\/www.criserb.com\/blog\/#\/schema\/person\/8df5199bda4e628c32a10f318d8602b5\"},\"headline\":\"Un nou co\u0219 de gunoi \u0219i rearanjarea spa\u021biului de sub chiuveta din buc\u0103t\u0103rie\",\"datePublished\":\"2018-03-05T08:29:33+00:00\",\"mainEntityOfPage\":{\"@id\":\"https:\/\/www.criserb.com\/blog\/un-nou-cos-de-gunoi-si-rearanjarea-spatiului-de-sub-chiuveta-din-bucatarie\/\"},\"wordCount\":434,\"commentCount\":4,\"publisher\":{\"@id\":\"https:\/\/www.criserb.com\/blog\/#\/schema\/person\/8df5199bda4e628c32a10f318d8602b5\"},\"image\":{\"@id\":\"https:\/\/www.criserb.com\/blog\/un-nou-cos-de-gunoi-si-rearanjarea-spatiului-de-sub-chiuveta-din-bucatarie\/#primaryimage\"},\"thumbnailUrl\":\"https:\/\/www.criserb.com\/blog\/poze\/2018\/03\/thumb.jpg\",\"keywords\":[\"Aranjare spa\u021biu mobil\u0103\",\"Chiuvet\u0103 buc\u0103t\u0103rie\",\"Cos de gunoi\"],\"articleSection\":[\"DIY\"],\"inLanguage\":\"en-US\",\"potentialAction\":[{\"@type\":\"CommentAction\",\"name\":\"Comment\",\"target\":[\"https:\/\/www.criserb.com\/blog\/un-nou-cos-de-gunoi-si-rearanjarea-spatiului-de-sub-chiuveta-din-bucatarie\/#respond\"]}]},{\"@type\":\"WebPage\",\"@id\":\"https:\/\/www.criserb.com\/blog\/un-nou-cos-de-gunoi-si-rearanjarea-spatiului-de-sub-chiuveta-din-bucatarie\/\",\"url\":\"https:\/\/www.criserb.com\/blog\/un-nou-cos-de-gunoi-si-rearanjarea-spatiului-de-sub-chiuveta-din-bucatarie\/\",\"name\":\"Un nou co\u0219 de gunoi \u0219i rearanjarea spa\u021biului de sub chiuveta din buc\u0103t\u0103rie\",\"isPartOf\":{\"@id\":\"https:\/\/www.criserb.com\/blog\/#website\"},\"primaryImageOfPage\":{\"@id\":\"https:\/\/www.criserb.com\/blog\/un-nou-cos-de-gunoi-si-rearanjarea-spatiului-de-sub-chiuveta-din-bucatarie\/#primaryimage\"},\"image\":{\"@id\":\"https:\/\/www.criserb.com\/blog\/un-nou-cos-de-gunoi-si-rearanjarea-spatiului-de-sub-chiuveta-din-bucatarie\/#primaryimage\"},\"thumbnailUrl\":\"https:\/\/www.criserb.com\/blog\/poze\/2018\/03\/thumb.jpg\",\"datePublished\":\"2018-03-05T08:29:33+00:00\",\"breadcrumb\":{\"@id\":\"https:\/\/www.criserb.com\/blog\/un-nou-cos-de-gunoi-si-rearanjarea-spatiului-de-sub-chiuveta-din-bucatarie\/#breadcrumb\"},\"inLanguage\":\"en-US\",\"potentialAction\":[{\"@type\":\"ReadAction\",\"target\":[\"https:\/\/www.criserb.com\/blog\/un-nou-cos-de-gunoi-si-rearanjarea-spatiului-de-sub-chiuveta-din-bucatarie\/\"]}]},{\"@type\":\"ImageObject\",\"inLanguage\":\"en-US\",\"@id\":\"https:\/\/www.criserb.com\/blog\/un-nou-cos-de-gunoi-si-rearanjarea-spatiului-de-sub-chiuveta-din-bucatarie\/#primaryimage\",\"url\":\"https:\/\/www.criserb.com\/blog\/poze\/2018\/03\/thumb.jpg\",\"contentUrl\":\"https:\/\/www.criserb.com\/blog\/poze\/2018\/03\/thumb.jpg\",\"width\":1200,\"height\":628},{\"@type\":\"BreadcrumbList\",\"@id\":\"https:\/\/www.criserb.com\/blog\/un-nou-cos-de-gunoi-si-rearanjarea-spatiului-de-sub-chiuveta-din-bucatarie\/#breadcrumb\",\"itemListElement\":[{\"@type\":\"ListItem\",\"position\":1,\"name\":\"Home\",\"item\":\"https:\/\/www.criserb.com\/blog\/\"},{\"@type\":\"ListItem\",\"position\":2,\"name\":\"Un nou co\u0219 de gunoi \u0219i rearanjarea spa\u021biului de sub chiuveta din buc\u0103t\u0103rie\"}]},{\"@type\":\"WebSite\",\"@id\":\"https:\/\/www.criserb.com\/blog\/#website\",\"url\":\"https:\/\/www.criserb.com\/blog\/\",\"name\":\"criserb.com\",\"description\":\"Nimic ce merita citit :)\",\"publisher\":{\"@id\":\"https:\/\/www.criserb.com\/blog\/#\/schema\/person\/8df5199bda4e628c32a10f318d8602b5\"},\"potentialAction\":[{\"@type\":\"SearchAction\",\"target\":{\"@type\":\"EntryPoint\",\"urlTemplate\":\"https:\/\/www.criserb.com\/blog\/?s={search_term_string}\"},\"query-input\":{\"@type\":\"PropertyValueSpecification\",\"valueRequired\":true,\"valueName\":\"search_term_string\"}}],\"inLanguage\":\"en-US\"},{\"@type\":[\"Person\",\"Organization\"],\"@id\":\"https:\/\/www.criserb.com\/blog\/#\/schema\/person\/8df5199bda4e628c32a10f318d8602b5\",\"name\":\"criserb\",\"image\":{\"@type\":\"ImageObject\",\"inLanguage\":\"en-US\",\"@id\":\"https:\/\/www.criserb.com\/blog\/#\/schema\/person\/image\/\",\"url\":\"http:\/\/0.gravatar.com\/avatar\/fdb6cca710f39545f0c4b5b936c390b4?s=96&d=monsterid&r=pg\",\"contentUrl\":\"http:\/\/0.gravatar.com\/avatar\/fdb6cca710f39545f0c4b5b936c390b4?s=96&d=monsterid&r=pg\",\"caption\":\"criserb\"},\"logo\":{\"@id\":\"https:\/\/www.criserb.com\/blog\/#\/schema\/person\/image\/\"},\"sameAs\":[\"http:\/\/www.criserb.com\"],\"url\":\"https:\/\/www.criserb.com\/blog\/author\/criserb\/\"}]}<\/script>\n<!-- \/ Yoast SEO plugin. -->","yoast_head_json":{"title":"Un nou co\u0219 de gunoi \u0219i rearanjarea spa\u021biului de sub chiuveta din buc\u0103t\u0103rie","robots":{"index":"index","follow":"follow","max-snippet":"max-snippet:-1","max-image-preview":"max-image-preview:large","max-video-preview":"max-video-preview:-1"},"canonical":"https:\/\/www.criserb.com\/blog\/un-nou-cos-de-gunoi-si-rearanjarea-spatiului-de-sub-chiuveta-din-bucatarie\/","twitter_misc":{"Written by":"criserb","Est. reading time":"2 minutes"},"schema":{"@context":"https:\/\/schema.org","@graph":[{"@type":"Article","@id":"https:\/\/www.criserb.com\/blog\/un-nou-cos-de-gunoi-si-rearanjarea-spatiului-de-sub-chiuveta-din-bucatarie\/#article","isPartOf":{"@id":"https:\/\/www.criserb.com\/blog\/un-nou-cos-de-gunoi-si-rearanjarea-spatiului-de-sub-chiuveta-din-bucatarie\/"},"author":{"name":"criserb","@id":"https:\/\/www.criserb.com\/blog\/#\/schema\/person\/8df5199bda4e628c32a10f318d8602b5"},"headline":"Un nou co\u0219 de gunoi \u0219i rearanjarea spa\u021biului de sub chiuveta din buc\u0103t\u0103rie","datePublished":"2018-03-05T08:29:33+00:00","mainEntityOfPage":{"@id":"https:\/\/www.criserb.com\/blog\/un-nou-cos-de-gunoi-si-rearanjarea-spatiului-de-sub-chiuveta-din-bucatarie\/"},"wordCount":434,"commentCount":4,"publisher":{"@id":"https:\/\/www.criserb.com\/blog\/#\/schema\/person\/8df5199bda4e628c32a10f318d8602b5"},"image":{"@id":"https:\/\/www.criserb.com\/blog\/un-nou-cos-de-gunoi-si-rearanjarea-spatiului-de-sub-chiuveta-din-bucatarie\/#primaryimage"},"thumbnailUrl":"https:\/\/www.criserb.com\/blog\/poze\/2018\/03\/thumb.jpg","keywords":["Aranjare spa\u021biu mobil\u0103","Chiuvet\u0103 buc\u0103t\u0103rie","Cos de gunoi"],"articleSection":["DIY"],"inLanguage":"en-US","potentialAction":[{"@type":"CommentAction","name":"Comment","target":["https:\/\/www.criserb.com\/blog\/un-nou-cos-de-gunoi-si-rearanjarea-spatiului-de-sub-chiuveta-din-bucatarie\/#respond"]}]},{"@type":"WebPage","@id":"https:\/\/www.criserb.com\/blog\/un-nou-cos-de-gunoi-si-rearanjarea-spatiului-de-sub-chiuveta-din-bucatarie\/","url":"https:\/\/www.criserb.com\/blog\/un-nou-cos-de-gunoi-si-rearanjarea-spatiului-de-sub-chiuveta-din-bucatarie\/","name":"Un nou co\u0219 de gunoi \u0219i rearanjarea spa\u021biului de sub chiuveta din buc\u0103t\u0103rie","isPartOf":{"@id":"https:\/\/www.criserb.com\/blog\/#website"},"primaryImageOfPage":{"@id":"https:\/\/www.criserb.com\/blog\/un-nou-cos-de-gunoi-si-rearanjarea-spatiului-de-sub-chiuveta-din-bucatarie\/#primaryimage"},"image":{"@id":"https:\/\/www.criserb.com\/blog\/un-nou-cos-de-gunoi-si-rearanjarea-spatiului-de-sub-chiuveta-din-bucatarie\/#primaryimage"},"thumbnailUrl":"https:\/\/www.criserb.com\/blog\/poze\/2018\/03\/thumb.jpg","datePublished":"2018-03-05T08:29:33+00:00","breadcrumb":{"@id":"https:\/\/www.criserb.com\/blog\/un-nou-cos-de-gunoi-si-rearanjarea-spatiului-de-sub-chiuveta-din-bucatarie\/#breadcrumb"},"inLanguage":"en-US","potentialAction":[{"@type":"ReadAction","target":["https:\/\/www.criserb.com\/blog\/un-nou-cos-de-gunoi-si-rearanjarea-spatiului-de-sub-chiuveta-din-bucatarie\/"]}]},{"@type":"ImageObject","inLanguage":"en-US","@id":"https:\/\/www.criserb.com\/blog\/un-nou-cos-de-gunoi-si-rearanjarea-spatiului-de-sub-chiuveta-din-bucatarie\/#primaryimage","url":"https:\/\/www.criserb.com\/blog\/poze\/2018\/03\/thumb.jpg","contentUrl":"https:\/\/www.criserb.com\/blog\/poze\/2018\/03\/thumb.jpg","width":1200,"height":628},{"@type":"BreadcrumbList","@id":"https:\/\/www.criserb.com\/blog\/un-nou-cos-de-gunoi-si-rearanjarea-spatiului-de-sub-chiuveta-din-bucatarie\/#breadcrumb","itemListElement":[{"@type":"ListItem","position":1,"name":"Home","item":"https:\/\/www.criserb.com\/blog\/"},{"@type":"ListItem","position":2,"name":"Un nou co\u0219 de gunoi \u0219i rearanjarea spa\u021biului de sub chiuveta din buc\u0103t\u0103rie"}]},{"@type":"WebSite","@id":"https:\/\/www.criserb.com\/blog\/#website","url":"https:\/\/www.criserb.com\/blog\/","name":"criserb.com","description":"Nimic ce merita citit :)","publisher":{"@id":"https:\/\/www.criserb.com\/blog\/#\/schema\/person\/8df5199bda4e628c32a10f318d8602b5"},"potentialAction":[{"@type":"SearchAction","target":{"@type":"EntryPoint","urlTemplate":"https:\/\/www.criserb.com\/blog\/?s={search_term_string}"},"query-input":{"@type":"PropertyValueSpecification","valueRequired":true,"valueName":"search_term_string"}}],"inLanguage":"en-US"},{"@type":["Person","Organization"],"@id":"https:\/\/www.criserb.com\/blog\/#\/schema\/person\/8df5199bda4e628c32a10f318d8602b5","name":"criserb","image":{"@type":"ImageObject","inLanguage":"en-US","@id":"https:\/\/www.criserb.com\/blog\/#\/schema\/person\/image\/","url":"http:\/\/0.gravatar.com\/avatar\/fdb6cca710f39545f0c4b5b936c390b4?s=96&d=monsterid&r=pg","contentUrl":"http:\/\/0.gravatar.com\/avatar\/fdb6cca710f39545f0c4b5b936c390b4?s=96&d=monsterid&r=pg","caption":"criserb"},"logo":{"@id":"https:\/\/www.criserb.com\/blog\/#\/schema\/person\/image\/"},"sameAs":["http:\/\/www.criserb.com"],"url":"https:\/\/www.criserb.com\/blog\/author\/criserb\/"}]}},"_links":{"self":[{"href":"https:\/\/www.criserb.com\/blog\/wp-json\/wp\/v2\/posts\/33562"}],"collection":[{"href":"https:\/\/www.criserb.com\/blog\/wp-json\/wp\/v2\/posts"}],"about":[{"href":"https:\/\/www.criserb.com\/blog\/wp-json\/wp\/v2\/types\/post"}],"author":[{"embeddable":true,"href":"https:\/\/www.criserb.com\/blog\/wp-json\/wp\/v2\/users\/3"}],"replies":[{"embeddable":true,"href":"https:\/\/www.criserb.com\/blog\/wp-json\/wp\/v2\/comments?post=33562"}],"version-history":[{"count":0,"href":"https:\/\/www.criserb.com\/blog\/wp-json\/wp\/v2\/posts\/33562\/revisions"}],"wp:featuredmedia":[{"embeddable":true,"href":"https:\/\/www.criserb.com\/blog\/wp-json\/wp\/v2\/media\/33567"}],"wp:attachment":[{"href":"https:\/\/www.criserb.com\/blog\/wp-json\/wp\/v2\/media?parent=33562"}],"wp:term":[{"taxonomy":"category","embeddable":true,"href":"https:\/\/www.criserb.com\/blog\/wp-json\/wp\/v2\/categories?post=33562"},{"taxonomy":"post_tag","embeddable":true,"href":"https:\/\/www.criserb.com\/blog\/wp-json\/wp\/v2\/tags?post=33562"}],"curies":[{"name":"wp","href":"https:\/\/api.w.org\/{rel}","templated":true}]}}