{"id":33582,"date":"2018-03-12T11:13:15","date_gmt":"2018-03-12T09:13:15","guid":{"rendered":"https:\/\/www.criserb.com\/blog\/?p=33582"},"modified":"2018-03-12T11:13:15","modified_gmt":"2018-03-12T09:13:15","slug":"am-mutat-niste-copaci-pentru-ca-ma-pregatesc-sa-fac-un-foisor","status":"publish","type":"post","link":"https:\/\/www.criserb.com\/blog\/am-mutat-niste-copaci-pentru-ca-ma-pregatesc-sa-fac-un-foisor\/","title":{"rendered":"Am mutat ni\u0219te copaci pentru c\u0103 m\u0103 preg\u0103tesc s\u0103 fac un foi\u0219or"},"content":{"rendered":"<p>Cum a venit pu\u021bin c\u0103ldura viat\u0103 la cas\u0103 \u00eencepe s\u0103 se schimbe. Am ie\u0219it \u00een curte \u0219i pentru c\u0103 vremea mi-a permis am mutat ni\u0219te copaci, 4 mai exact, pentru c\u0103 am \u00een plan s\u0103 fac o buc\u0103t\u0103rie de var\u0103\/foi\u0219or \u0219i copacii m\u0103 \u00eencurcau.<\/p>\n<p>Am s\u0103pat ni\u0219te gropi, destul de m\u0103ricele, am scos copacii cu c\u00e2t mai mult p\u0103m\u00e2nt \u0219i cu r\u0103d\u0103cinile c\u00e2t mai \u00eentregi \u0219i i-am mutat.<\/p>\n<p><a href=\"https:\/\/www.criserb.com\/blog\/poze\/2018\/03\/20180310_135758.jpg\" data-lbwps-width=\"1155\" data-lbwps-height=\"866\" data-lbwps-srcsmall=\"https:\/\/www.criserb.com\/blog\/poze\/2018\/03\/20180310_135758-300x225.jpg\"><img loading=\"lazy\" decoding=\"async\" class=\"aligncenter size-full wp-image-33583\" src=\"https:\/\/www.criserb.com\/blog\/poze\/2018\/03\/20180310_135758.jpg\" alt=\"\" width=\"1155\" height=\"866\" srcset=\"https:\/\/www.criserb.com\/blog\/poze\/2018\/03\/20180310_135758.jpg 1155w, https:\/\/www.criserb.com\/blog\/poze\/2018\/03\/20180310_135758-300x225.jpg 300w, https:\/\/www.criserb.com\/blog\/poze\/2018\/03\/20180310_135758-768x576.jpg 768w\" sizes=\"(max-width: 1155px) 100vw, 1155px\" \/><\/a><\/p>\n<p>La final zic c\u0103 am f\u0103cut opera\u021biunea destul de bine, sper numai s\u0103 se \u0219i prind\u0103.<\/p>\n<p><a href=\"https:\/\/www.criserb.com\/blog\/poze\/2018\/03\/20180310_182814.jpg\" data-lbwps-width=\"1155\" data-lbwps-height=\"866\" data-lbwps-srcsmall=\"https:\/\/www.criserb.com\/blog\/poze\/2018\/03\/20180310_182814-300x225.jpg\"><img loading=\"lazy\" decoding=\"async\" class=\"aligncenter size-full wp-image-33584\" src=\"https:\/\/www.criserb.com\/blog\/poze\/2018\/03\/20180310_182814.jpg\" alt=\"\" width=\"1155\" height=\"866\" srcset=\"https:\/\/www.criserb.com\/blog\/poze\/2018\/03\/20180310_182814.jpg 1155w, https:\/\/www.criserb.com\/blog\/poze\/2018\/03\/20180310_182814-300x225.jpg 300w, https:\/\/www.criserb.com\/blog\/poze\/2018\/03\/20180310_182814-768x576.jpg 768w\" sizes=\"(max-width: 1155px) 100vw, 1155px\" \/><\/a><\/p>\n<p>Am sp\u0103lat sutele de juc\u0103rii ale lu fii-miu, mi-am remontat masa pe teras\u0103, am s\u0103pat gr\u0103dina \u0219i n-am stat deloc \u00een cele dou\u0103 zile de prim\u0103var\u0103 autentic\u0103.<\/p>\n<p>Se vede \u0219i din grafic c\u00e2t de activ am devenit? :)<\/p>\n<p><a href=\"https:\/\/www.criserb.com\/blog\/poze\/2018\/03\/pasi.jpg\" data-lbwps-width=\"1152\" data-lbwps-height=\"442\" data-lbwps-srcsmall=\"https:\/\/www.criserb.com\/blog\/poze\/2018\/03\/pasi-300x115.jpg\"><img loading=\"lazy\" decoding=\"async\" class=\"aligncenter size-full wp-image-33585\" src=\"https:\/\/www.criserb.com\/blog\/poze\/2018\/03\/pasi.jpg\" alt=\"\" width=\"1152\" height=\"442\" srcset=\"https:\/\/www.criserb.com\/blog\/poze\/2018\/03\/pasi.jpg 1152w, https:\/\/www.criserb.com\/blog\/poze\/2018\/03\/pasi-300x115.jpg 300w, https:\/\/www.criserb.com\/blog\/poze\/2018\/03\/pasi-768x295.jpg 768w\" sizes=\"(max-width: 1152px) 100vw, 1152px\" \/><\/a><\/p>\n<p>Acum s\u0103 vedem ce o s\u0103 mai urmeze.<\/p>\n<p>Cert este c\u0103 nu am un plan pentru buc\u0103t\u0103rie\/foi\u0219or, am s\u0103 \u00eencerc s\u0103 fac unul. \u00cen principiu vreau ceva cu 2 pere\u021bi, \u00een form\u0103 de L pe care ulterior s\u0103-i \u00eenchid cu ceva, poate termopane de sus p\u00e2n\u0103 jos, s\u0103-l pot folosit \u0219i iarna. S\u0103 vedem, a\u0219a cum am zis nu am un plan.<\/p>\n<p>Dimensiunile le \u0219tiu \u0219i cam at\u00e2t. O s\u0103 fie un 4x3m, cu spatele spre soare, s\u0103 am unde s\u0103 stau vara c\u00e2nd sunt 40\u00b0C afar\u0103. Acum nu pre am, c\u0103 tot soarele \u00eemi bate pe teras\u0103.<\/p>\n<p>Am de g\u00e2nd s\u0103 o fac singur, de la A la Z.<\/p>\n<p>E un proiect m\u0103ricel, dar sper s\u0103-l pot duce p\u00e2n\u0103 la cap\u0103t. O s\u0103 construiesc pe lemn, dac\u0103 tot m-am \u00eenv\u0103\u021bat cu materialul.<\/p>\n<p>Pe l\u00e2ng\u0103 aceast\u0103 costruc\u021bie, trebuie s\u0103 fac \u0219i o zon\u0103 pentru <a href=\"http:\/\/l.profitshare.ro\/l\/4342524\" target=\"_blank\" rel=\"noopener\">piscin\u0103<\/a>, s\u0103 am unde s\u0103 o montez prim\u0103vara, iar toamna c\u00e2nd am s\u0103 o demontez s\u0103 nu-mi mai r\u0103m\u00e2n\u0103 o gaur\u0103 \u00een gazon. Am s\u0103 pun dale, probabil, \u0219i peste ele am s\u0103 montez piscina. Toamna&#8230; o s\u0103 fie un spa\u021biu unde o s\u0103-\u0219i poat\u0103 parca fii-miu ma\u0219inile :)<\/p>\n<p>Cam astea sunt planurile pentru aceast\u0103 prim\u0103var\u0103, var\u0103 \u0219i toamn\u0103. Sper s\u0103 fie gata c\u00e2t mai repede, dar na, nu vreau s\u0103 m\u0103 pronun\u021b asupra unui termen, pentru moment.<\/p>\n<p>\u00cen interiorul buc\u0103t\u0103riei vreau s\u0103 fac un gr\u0103tar din c\u0103r\u0103mid\u0103, s\u0103 pot face \u0219i eu gr\u0103tare c\u00e2nd plou\u0103 \u0219i de ce nu poate un cuptor de pizza, <a href=\"http:\/\/www.augustinradu.ro\/index.php\/mi-am-facut-cuptor-din-caramida\/\" target=\"_blank\" rel=\"noopener\">a\u0219a cum am v\u0103zut la Augustin<\/a>. Poate \u0219i un aragaz, s\u0103 putem g\u0103ti \u00een curte, c\u0103 tot st\u0103m numai prin curte toat\u0103 vara.<\/p>\n<p>O s\u0103 \u00eencerc s\u0103-mi fac un plan, \u0219i \u00een func\u021bie de asta o s\u0103 v\u0103d cum o s\u0103 merg mai departe, cert este c\u0103 mi-am preg\u0103tit locul, copacii nu puteam s\u0103-i mut mai t\u00e2rziu, dup\u0103 ce intrau \u00een vegeta\u021bie.<\/p>\n","protected":false},"excerpt":{"rendered":"<p>Cum a venit pu\u021bin c\u0103ldura viat\u0103 la cas\u0103 \u00eencepe s\u0103 se schimbe. Am ie\u0219it \u00een curte \u0219i pentru c\u0103 vremea mi-a permis am mutat ni\u0219te copaci, 4 mai exact, pentru c\u0103 am \u00een plan s\u0103 fac o buc\u0103t\u0103rie de var\u0103\/foi\u0219or \u0219i copacii m\u0103 \u00eencurcau. Am s\u0103pat ni\u0219te gropi, destul de m\u0103ricele, am scos copacii cu&hellip;<\/p>\n","protected":false},"author":3,"featured_media":33583,"comment_status":"open","ping_status":"open","sticky":false,"template":"","format":"standard","meta":{"footnotes":""},"categories":[7197],"tags":[7578,7579,7580,257],"yoast_head":"<!-- This site is optimized with the Yoast SEO plugin v24.5 - https:\/\/yoast.com\/wordpress\/plugins\/seo\/ -->\n<title>Am mutat ni\u0219te copaci pentru c\u0103 m\u0103 preg\u0103tesc s\u0103 fac un foi\u0219or<\/title>\n<meta name=\"robots\" content=\"index, follow, max-snippet:-1, max-image-preview:large, max-video-preview:-1\" \/>\n<link rel=\"canonical\" href=\"https:\/\/www.criserb.com\/blog\/am-mutat-niste-copaci-pentru-ca-ma-pregatesc-sa-fac-un-foisor\/\" \/>\n<meta name=\"twitter:label1\" content=\"Written by\" \/>\n\t<meta name=\"twitter:data1\" content=\"criserb\" \/>\n\t<meta name=\"twitter:label2\" content=\"Est. reading time\" \/>\n\t<meta name=\"twitter:data2\" content=\"3 minutes\" \/>\n<script type=\"application\/ld+json\" class=\"yoast-schema-graph\">{\"@context\":\"https:\/\/schema.org\",\"@graph\":[{\"@type\":\"Article\",\"@id\":\"https:\/\/www.criserb.com\/blog\/am-mutat-niste-copaci-pentru-ca-ma-pregatesc-sa-fac-un-foisor\/#article\",\"isPartOf\":{\"@id\":\"https:\/\/www.criserb.com\/blog\/am-mutat-niste-copaci-pentru-ca-ma-pregatesc-sa-fac-un-foisor\/\"},\"author\":{\"name\":\"criserb\",\"@id\":\"https:\/\/www.criserb.com\/blog\/#\/schema\/person\/8df5199bda4e628c32a10f318d8602b5\"},\"headline\":\"Am mutat ni\u0219te copaci pentru c\u0103 m\u0103 preg\u0103tesc s\u0103 fac un foi\u0219or\",\"datePublished\":\"2018-03-12T09:13:15+00:00\",\"mainEntityOfPage\":{\"@id\":\"https:\/\/www.criserb.com\/blog\/am-mutat-niste-copaci-pentru-ca-ma-pregatesc-sa-fac-un-foisor\/\"},\"wordCount\":517,\"commentCount\":2,\"publisher\":{\"@id\":\"https:\/\/www.criserb.com\/blog\/#\/schema\/person\/8df5199bda4e628c32a10f318d8602b5\"},\"image\":{\"@id\":\"https:\/\/www.criserb.com\/blog\/am-mutat-niste-copaci-pentru-ca-ma-pregatesc-sa-fac-un-foisor\/#primaryimage\"},\"thumbnailUrl\":\"https:\/\/www.criserb.com\/blog\/poze\/2018\/03\/20180310_135758.jpg\",\"keywords\":[\"Buc\u0103t\u0103rie de var\u0103\",\"Foi\u0219or\",\"Mutat copaci\",\"piscina\"],\"articleSection\":[\"Via\u021ba la \u021bar\u0103\"],\"inLanguage\":\"en-US\",\"potentialAction\":[{\"@type\":\"CommentAction\",\"name\":\"Comment\",\"target\":[\"https:\/\/www.criserb.com\/blog\/am-mutat-niste-copaci-pentru-ca-ma-pregatesc-sa-fac-un-foisor\/#respond\"]}]},{\"@type\":\"WebPage\",\"@id\":\"https:\/\/www.criserb.com\/blog\/am-mutat-niste-copaci-pentru-ca-ma-pregatesc-sa-fac-un-foisor\/\",\"url\":\"https:\/\/www.criserb.com\/blog\/am-mutat-niste-copaci-pentru-ca-ma-pregatesc-sa-fac-un-foisor\/\",\"name\":\"Am mutat ni\u0219te copaci pentru c\u0103 m\u0103 preg\u0103tesc s\u0103 fac un foi\u0219or\",\"isPartOf\":{\"@id\":\"https:\/\/www.criserb.com\/blog\/#website\"},\"primaryImageOfPage\":{\"@id\":\"https:\/\/www.criserb.com\/blog\/am-mutat-niste-copaci-pentru-ca-ma-pregatesc-sa-fac-un-foisor\/#primaryimage\"},\"image\":{\"@id\":\"https:\/\/www.criserb.com\/blog\/am-mutat-niste-copaci-pentru-ca-ma-pregatesc-sa-fac-un-foisor\/#primaryimage\"},\"thumbnailUrl\":\"https:\/\/www.criserb.com\/blog\/poze\/2018\/03\/20180310_135758.jpg\",\"datePublished\":\"2018-03-12T09:13:15+00:00\",\"breadcrumb\":{\"@id\":\"https:\/\/www.criserb.com\/blog\/am-mutat-niste-copaci-pentru-ca-ma-pregatesc-sa-fac-un-foisor\/#breadcrumb\"},\"inLanguage\":\"en-US\",\"potentialAction\":[{\"@type\":\"ReadAction\",\"target\":[\"https:\/\/www.criserb.com\/blog\/am-mutat-niste-copaci-pentru-ca-ma-pregatesc-sa-fac-un-foisor\/\"]}]},{\"@type\":\"ImageObject\",\"inLanguage\":\"en-US\",\"@id\":\"https:\/\/www.criserb.com\/blog\/am-mutat-niste-copaci-pentru-ca-ma-pregatesc-sa-fac-un-foisor\/#primaryimage\",\"url\":\"https:\/\/www.criserb.com\/blog\/poze\/2018\/03\/20180310_135758.jpg\",\"contentUrl\":\"https:\/\/www.criserb.com\/blog\/poze\/2018\/03\/20180310_135758.jpg\",\"width\":1155,\"height\":866},{\"@type\":\"BreadcrumbList\",\"@id\":\"https:\/\/www.criserb.com\/blog\/am-mutat-niste-copaci-pentru-ca-ma-pregatesc-sa-fac-un-foisor\/#breadcrumb\",\"itemListElement\":[{\"@type\":\"ListItem\",\"position\":1,\"name\":\"Home\",\"item\":\"https:\/\/www.criserb.com\/blog\/\"},{\"@type\":\"ListItem\",\"position\":2,\"name\":\"Am mutat ni\u0219te copaci pentru c\u0103 m\u0103 preg\u0103tesc s\u0103 fac un foi\u0219or\"}]},{\"@type\":\"WebSite\",\"@id\":\"https:\/\/www.criserb.com\/blog\/#website\",\"url\":\"https:\/\/www.criserb.com\/blog\/\",\"name\":\"criserb.com\",\"description\":\"Nimic ce merita citit :)\",\"publisher\":{\"@id\":\"https:\/\/www.criserb.com\/blog\/#\/schema\/person\/8df5199bda4e628c32a10f318d8602b5\"},\"potentialAction\":[{\"@type\":\"SearchAction\",\"target\":{\"@type\":\"EntryPoint\",\"urlTemplate\":\"https:\/\/www.criserb.com\/blog\/?s={search_term_string}\"},\"query-input\":{\"@type\":\"PropertyValueSpecification\",\"valueRequired\":true,\"valueName\":\"search_term_string\"}}],\"inLanguage\":\"en-US\"},{\"@type\":[\"Person\",\"Organization\"],\"@id\":\"https:\/\/www.criserb.com\/blog\/#\/schema\/person\/8df5199bda4e628c32a10f318d8602b5\",\"name\":\"criserb\",\"image\":{\"@type\":\"ImageObject\",\"inLanguage\":\"en-US\",\"@id\":\"https:\/\/www.criserb.com\/blog\/#\/schema\/person\/image\/\",\"url\":\"http:\/\/0.gravatar.com\/avatar\/fdb6cca710f39545f0c4b5b936c390b4?s=96&d=monsterid&r=pg\",\"contentUrl\":\"http:\/\/0.gravatar.com\/avatar\/fdb6cca710f39545f0c4b5b936c390b4?s=96&d=monsterid&r=pg\",\"caption\":\"criserb\"},\"logo\":{\"@id\":\"https:\/\/www.criserb.com\/blog\/#\/schema\/person\/image\/\"},\"sameAs\":[\"http:\/\/www.criserb.com\"],\"url\":\"https:\/\/www.criserb.com\/blog\/author\/criserb\/\"}]}<\/script>\n<!-- \/ Yoast SEO plugin. -->","yoast_head_json":{"title":"Am mutat ni\u0219te copaci pentru c\u0103 m\u0103 preg\u0103tesc s\u0103 fac un foi\u0219or","robots":{"index":"index","follow":"follow","max-snippet":"max-snippet:-1","max-image-preview":"max-image-preview:large","max-video-preview":"max-video-preview:-1"},"canonical":"https:\/\/www.criserb.com\/blog\/am-mutat-niste-copaci-pentru-ca-ma-pregatesc-sa-fac-un-foisor\/","twitter_misc":{"Written by":"criserb","Est. reading time":"3 minutes"},"schema":{"@context":"https:\/\/schema.org","@graph":[{"@type":"Article","@id":"https:\/\/www.criserb.com\/blog\/am-mutat-niste-copaci-pentru-ca-ma-pregatesc-sa-fac-un-foisor\/#article","isPartOf":{"@id":"https:\/\/www.criserb.com\/blog\/am-mutat-niste-copaci-pentru-ca-ma-pregatesc-sa-fac-un-foisor\/"},"author":{"name":"criserb","@id":"https:\/\/www.criserb.com\/blog\/#\/schema\/person\/8df5199bda4e628c32a10f318d8602b5"},"headline":"Am mutat ni\u0219te copaci pentru c\u0103 m\u0103 preg\u0103tesc s\u0103 fac un foi\u0219or","datePublished":"2018-03-12T09:13:15+00:00","mainEntityOfPage":{"@id":"https:\/\/www.criserb.com\/blog\/am-mutat-niste-copaci-pentru-ca-ma-pregatesc-sa-fac-un-foisor\/"},"wordCount":517,"commentCount":2,"publisher":{"@id":"https:\/\/www.criserb.com\/blog\/#\/schema\/person\/8df5199bda4e628c32a10f318d8602b5"},"image":{"@id":"https:\/\/www.criserb.com\/blog\/am-mutat-niste-copaci-pentru-ca-ma-pregatesc-sa-fac-un-foisor\/#primaryimage"},"thumbnailUrl":"https:\/\/www.criserb.com\/blog\/poze\/2018\/03\/20180310_135758.jpg","keywords":["Buc\u0103t\u0103rie de var\u0103","Foi\u0219or","Mutat copaci","piscina"],"articleSection":["Via\u021ba la \u021bar\u0103"],"inLanguage":"en-US","potentialAction":[{"@type":"CommentAction","name":"Comment","target":["https:\/\/www.criserb.com\/blog\/am-mutat-niste-copaci-pentru-ca-ma-pregatesc-sa-fac-un-foisor\/#respond"]}]},{"@type":"WebPage","@id":"https:\/\/www.criserb.com\/blog\/am-mutat-niste-copaci-pentru-ca-ma-pregatesc-sa-fac-un-foisor\/","url":"https:\/\/www.criserb.com\/blog\/am-mutat-niste-copaci-pentru-ca-ma-pregatesc-sa-fac-un-foisor\/","name":"Am mutat ni\u0219te copaci pentru c\u0103 m\u0103 preg\u0103tesc s\u0103 fac un foi\u0219or","isPartOf":{"@id":"https:\/\/www.criserb.com\/blog\/#website"},"primaryImageOfPage":{"@id":"https:\/\/www.criserb.com\/blog\/am-mutat-niste-copaci-pentru-ca-ma-pregatesc-sa-fac-un-foisor\/#primaryimage"},"image":{"@id":"https:\/\/www.criserb.com\/blog\/am-mutat-niste-copaci-pentru-ca-ma-pregatesc-sa-fac-un-foisor\/#primaryimage"},"thumbnailUrl":"https:\/\/www.criserb.com\/blog\/poze\/2018\/03\/20180310_135758.jpg","datePublished":"2018-03-12T09:13:15+00:00","breadcrumb":{"@id":"https:\/\/www.criserb.com\/blog\/am-mutat-niste-copaci-pentru-ca-ma-pregatesc-sa-fac-un-foisor\/#breadcrumb"},"inLanguage":"en-US","potentialAction":[{"@type":"ReadAction","target":["https:\/\/www.criserb.com\/blog\/am-mutat-niste-copaci-pentru-ca-ma-pregatesc-sa-fac-un-foisor\/"]}]},{"@type":"ImageObject","inLanguage":"en-US","@id":"https:\/\/www.criserb.com\/blog\/am-mutat-niste-copaci-pentru-ca-ma-pregatesc-sa-fac-un-foisor\/#primaryimage","url":"https:\/\/www.criserb.com\/blog\/poze\/2018\/03\/20180310_135758.jpg","contentUrl":"https:\/\/www.criserb.com\/blog\/poze\/2018\/03\/20180310_135758.jpg","width":1155,"height":866},{"@type":"BreadcrumbList","@id":"https:\/\/www.criserb.com\/blog\/am-mutat-niste-copaci-pentru-ca-ma-pregatesc-sa-fac-un-foisor\/#breadcrumb","itemListElement":[{"@type":"ListItem","position":1,"name":"Home","item":"https:\/\/www.criserb.com\/blog\/"},{"@type":"ListItem","position":2,"name":"Am mutat ni\u0219te copaci pentru c\u0103 m\u0103 preg\u0103tesc s\u0103 fac un foi\u0219or"}]},{"@type":"WebSite","@id":"https:\/\/www.criserb.com\/blog\/#website","url":"https:\/\/www.criserb.com\/blog\/","name":"criserb.com","description":"Nimic ce merita citit :)","publisher":{"@id":"https:\/\/www.criserb.com\/blog\/#\/schema\/person\/8df5199bda4e628c32a10f318d8602b5"},"potentialAction":[{"@type":"SearchAction","target":{"@type":"EntryPoint","urlTemplate":"https:\/\/www.criserb.com\/blog\/?s={search_term_string}"},"query-input":{"@type":"PropertyValueSpecification","valueRequired":true,"valueName":"search_term_string"}}],"inLanguage":"en-US"},{"@type":["Person","Organization"],"@id":"https:\/\/www.criserb.com\/blog\/#\/schema\/person\/8df5199bda4e628c32a10f318d8602b5","name":"criserb","image":{"@type":"ImageObject","inLanguage":"en-US","@id":"https:\/\/www.criserb.com\/blog\/#\/schema\/person\/image\/","url":"http:\/\/0.gravatar.com\/avatar\/fdb6cca710f39545f0c4b5b936c390b4?s=96&d=monsterid&r=pg","contentUrl":"http:\/\/0.gravatar.com\/avatar\/fdb6cca710f39545f0c4b5b936c390b4?s=96&d=monsterid&r=pg","caption":"criserb"},"logo":{"@id":"https:\/\/www.criserb.com\/blog\/#\/schema\/person\/image\/"},"sameAs":["http:\/\/www.criserb.com"],"url":"https:\/\/www.criserb.com\/blog\/author\/criserb\/"}]}},"_links":{"self":[{"href":"https:\/\/www.criserb.com\/blog\/wp-json\/wp\/v2\/posts\/33582"}],"collection":[{"href":"https:\/\/www.criserb.com\/blog\/wp-json\/wp\/v2\/posts"}],"about":[{"href":"https:\/\/www.criserb.com\/blog\/wp-json\/wp\/v2\/types\/post"}],"author":[{"embeddable":true,"href":"https:\/\/www.criserb.com\/blog\/wp-json\/wp\/v2\/users\/3"}],"replies":[{"embeddable":true,"href":"https:\/\/www.criserb.com\/blog\/wp-json\/wp\/v2\/comments?post=33582"}],"version-history":[{"count":0,"href":"https:\/\/www.criserb.com\/blog\/wp-json\/wp\/v2\/posts\/33582\/revisions"}],"wp:featuredmedia":[{"embeddable":true,"href":"https:\/\/www.criserb.com\/blog\/wp-json\/wp\/v2\/media\/33583"}],"wp:attachment":[{"href":"https:\/\/www.criserb.com\/blog\/wp-json\/wp\/v2\/media?parent=33582"}],"wp:term":[{"taxonomy":"category","embeddable":true,"href":"https:\/\/www.criserb.com\/blog\/wp-json\/wp\/v2\/categories?post=33582"},{"taxonomy":"post_tag","embeddable":true,"href":"https:\/\/www.criserb.com\/blog\/wp-json\/wp\/v2\/tags?post=33582"}],"curies":[{"name":"wp","href":"https:\/\/api.w.org\/{rel}","templated":true}]}}