{"id":33663,"date":"2018-05-16T16:13:47","date_gmt":"2018-05-16T13:13:47","guid":{"rendered":"https:\/\/www.criserb.com\/blog\/?p=33663"},"modified":"2018-05-16T16:13:47","modified_gmt":"2018-05-16T13:13:47","slug":"am-facut-10km-cu-trotineta-electrica-prin-bucuresti","status":"publish","type":"post","link":"https:\/\/www.criserb.com\/blog\/am-facut-10km-cu-trotineta-electrica-prin-bucuresti\/","title":{"rendered":"Am f\u0103cut 10km cu trotineta electric\u0103 prin Bucure\u0219ti"},"content":{"rendered":"<p>M\u0103 tot g\u00e2ndesc dac\u0103 s\u0103-mi iau sau nu o trotinet\u0103 electric\u0103 sau nu.<\/p>\n<p>\u00cemi imaginam c\u0103 a\u0219 putea scurta pu\u021bin din drumul meu dintre serviciul Danei \u0219i al meu. S\u0103 vin cu ma\u0219ina p\u00e2n\u0103 la ea la birou \u0219i de acolo s\u0103 iau trotineta spre biroul meu. \u00cemi imaginam.<\/p>\n<p>Azi am luat <a href=\"http:\/\/l.profitshare.ro\/l\/4517245\" target=\"_blank\" rel=\"noopener\">trotineta lui Eugen<\/a> \u0219i am f\u0103cut o plimbare p\u00e2n\u0103 pe 13 Septembrie intersec\u021bie cu Panduri. Am placat de la Pizza Hut Roman\u0103 \u0219i m-am \u00eentors tot aici.<\/p>\n<p><a href=\"https:\/\/www.criserb.com\/blog\/poze\/2018\/05\/20180516_133603.jpg\" data-lbwps-width=\"1283\" data-lbwps-height=\"962\" data-lbwps-srcsmall=\"https:\/\/www.criserb.com\/blog\/poze\/2018\/05\/20180516_133603-300x225.jpg\"><img loading=\"lazy\" decoding=\"async\" class=\"aligncenter size-large wp-image-33664\" src=\"https:\/\/www.criserb.com\/blog\/poze\/2018\/05\/20180516_133603-1200x900.jpg\" alt=\"\" width=\"1200\" height=\"900\" srcset=\"https:\/\/www.criserb.com\/blog\/poze\/2018\/05\/20180516_133603-1200x900.jpg 1200w, https:\/\/www.criserb.com\/blog\/poze\/2018\/05\/20180516_133603-300x225.jpg 300w, https:\/\/www.criserb.com\/blog\/poze\/2018\/05\/20180516_133603-768x576.jpg 768w, https:\/\/www.criserb.com\/blog\/poze\/2018\/05\/20180516_133603.jpg 1283w\" sizes=\"(max-width: 1200px) 100vw, 1200px\" \/><\/a><\/p>\n<p>\u00cen total au fost 9.7km pe care i-am f\u0103cut \u00een cca 1 or\u0103. Juma de or\u0103 la dus \u0219i cam tot at\u00e2t la \u00eentors. Nu la o or\u0103 de v\u00e2rf, pe la ora pr\u00e2nzului.<\/p>\n<p>Trag c\u00e2tea concluzii, \u00een condi\u021biile \u00een care experien\u021ba mea cu trotinetele tinde spre 0.<\/p>\n<ul>\n<li>Nu-i a\u0219a u\u0219or pe cum pare, sunt sigur c\u0103 n-am nimerit pozi\u021bia corect\u0103 de stat pe trotinet\u0103.<\/li>\n<li>Accelera\u021bia e foarte sensibil\u0103, te obi\u0219nuie\u0219ti cu ea, dar padela (sau cum \u00eei zice) e dificil de men\u021binut \u00eentr-o pozi\u021bie fix\u0103 atunci c\u00e2nd drumul e plin de dale\/denivel\u0103ri. Parc\u0103 mergi \u00een hopuri, c\u00e2nd prea tare c\u00e2nd prea \u00eencet.<\/li>\n<li>Pe \u0219osea e mai u\u0219or de mers, pare mai drept, dar nu e prea sigur. Pe trotuare viteza e mai mic\u0103 \u0219i foarte denivelate.<\/li>\n<li>Pista de pe Calea Victoriei e ceea ce trebuie, acolo am putut s\u0103 ajung chiar la viteza maxim\u0103 a trotinetei.<\/li>\n<li>E complicat cu fr\u00e2na. At\u00e2t cea de la ghidon c\u00e2t \u0219i cea clasic\u0103, pe roata din spate, sunt greu de controlat din cauza denivel\u0103rilor. Pe drum ok se fr\u00e2neaz\u0103 u\u0219or \u0219i constant, de denivel\u0103ri \u0219i se \u00eenfige piciorul \u00een fr\u00e2n\u0103 sau fr\u00e2nezi prea pu\u021bin.<\/li>\n<li>De regul\u0103 distan\u021ba parcurs\u0103 azi cu trotineta o fac mai repede cu ma\u0219ina.<\/li>\n<li>Din punct de vedere &#8220;social&#8221; e mai mi\u0219to cu trotineta, te mai ui\u021bi \u00een st\u00e2nga, \u00een dreapta&#8230; mai vezi ceva nou, din ma\u0219in\u0103 e\u0219ti mult mai limitat.<\/li>\n<li>Transpiri, chiar dac\u0103 mai mult stai, depui ceva efort \u0219i transpiri. Sau poate eram eu prea stresat? :)<\/li>\n<\/ul>\n<p>Poate mi-au mai sc\u0103pat, de pe drum sigur v\u0103 povesteam mai multe :)<\/p>\n<p>\u00cen concluzie&#8230; pentru mine ar fi un moft, nu m-ar ajuta la transportul spre birou, dar ar fi mi\u0219to de folosit \u00een alte cazuri. Este ok pentru distrac\u021bie, plimb\u0103ri scurte, etc, dar ca mijloc de transport nu cred c\u0103-i chiar ok.<\/p>\n<p>Dac\u0103 o s\u0103-mi iau sau nu&#8230; o s\u0103 vedem, e \u0219i asta pe o list\u0103, s\u0103 vedem dac\u0103 \u0219i c\u00e2nd \u00eei vine r\u00e2ndul.<\/p>\n<p>Mai jos traseul \u0219i o poz\u0103 f\u0103cut\u0103 c\u00e2nd st\u0103team la semafor.<\/p>\n<p><a href=\"https:\/\/www.criserb.com\/blog\/poze\/2018\/05\/mers-cu-trotineta.jpg\" data-lbwps-width=\"1015\" data-lbwps-height=\"813\" data-lbwps-srcsmall=\"https:\/\/www.criserb.com\/blog\/poze\/2018\/05\/mers-cu-trotineta-300x240.jpg\"><img loading=\"lazy\" decoding=\"async\" class=\"aligncenter size-full wp-image-33665\" src=\"https:\/\/www.criserb.com\/blog\/poze\/2018\/05\/mers-cu-trotineta.jpg\" alt=\"\" width=\"1015\" height=\"813\" srcset=\"https:\/\/www.criserb.com\/blog\/poze\/2018\/05\/mers-cu-trotineta.jpg 1015w, https:\/\/www.criserb.com\/blog\/poze\/2018\/05\/mers-cu-trotineta-300x240.jpg 300w, https:\/\/www.criserb.com\/blog\/poze\/2018\/05\/mers-cu-trotineta-768x615.jpg 768w\" sizes=\"(max-width: 1015px) 100vw, 1015px\" \/><\/a><\/p>\n<p><a href=\"https:\/\/www.criserb.com\/blog\/poze\/2018\/05\/20180516_135211.jpg\" data-lbwps-width=\"1283\" data-lbwps-height=\"962\" data-lbwps-srcsmall=\"https:\/\/www.criserb.com\/blog\/poze\/2018\/05\/20180516_135211-300x225.jpg\"><img loading=\"lazy\" decoding=\"async\" class=\"aligncenter size-large wp-image-33666\" src=\"https:\/\/www.criserb.com\/blog\/poze\/2018\/05\/20180516_135211-1200x900.jpg\" alt=\"\" width=\"1200\" height=\"900\" srcset=\"https:\/\/www.criserb.com\/blog\/poze\/2018\/05\/20180516_135211-1200x900.jpg 1200w, https:\/\/www.criserb.com\/blog\/poze\/2018\/05\/20180516_135211-300x225.jpg 300w, https:\/\/www.criserb.com\/blog\/poze\/2018\/05\/20180516_135211-768x576.jpg 768w, https:\/\/www.criserb.com\/blog\/poze\/2018\/05\/20180516_135211.jpg 1283w\" sizes=\"(max-width: 1200px) 100vw, 1200px\" \/><\/a><\/p>\n<p>De men\u021bionat c\u0103 a fost prima excursie mai lung\u0103 cu trotineta, poate dup\u0103 mai multe astfel de experien\u021be am s\u0103-mi schimb p\u0103rerea. Cu siguran\u021b\u0103 o s\u0103 m\u0103 simt mai bine pe ea dup\u0103 c\u00e2teva drumuri, dar tot nu cred c\u0103-mi \u00eembun\u0103t\u0103\u021be\u0219te timpul de mers \u00eentre cele dou\u0103 puncte :)<\/p>\n<p>&nbsp;<\/p>\n","protected":false},"excerpt":{"rendered":"<p>M\u0103 tot g\u00e2ndesc dac\u0103 s\u0103-mi iau sau nu o trotinet\u0103 electric\u0103 sau nu. \u00cemi imaginam c\u0103 a\u0219 putea scurta pu\u021bin din drumul meu dintre serviciul Danei \u0219i al meu. S\u0103 vin cu ma\u0219ina p\u00e2n\u0103 la ea la birou \u0219i de acolo s\u0103 iau trotineta spre biroul meu. \u00cemi imaginam. Azi am luat trotineta lui Eugen&hellip;<\/p>\n","protected":false},"author":3,"featured_media":33664,"comment_status":"open","ping_status":"open","sticky":false,"template":"","format":"standard","meta":{"footnotes":""},"categories":[20],"tags":[7603,7605,7604],"yoast_head":"<!-- This site is optimized with the Yoast SEO plugin v24.5 - https:\/\/yoast.com\/wordpress\/plugins\/seo\/ -->\n<title>Am f\u0103cut 10km cu trotineta electric\u0103 prin Bucure\u0219ti<\/title>\n<meta name=\"robots\" content=\"index, follow, max-snippet:-1, max-image-preview:large, max-video-preview:-1\" \/>\n<link rel=\"canonical\" href=\"https:\/\/www.criserb.com\/blog\/am-facut-10km-cu-trotineta-electrica-prin-bucuresti\/\" \/>\n<meta name=\"twitter:label1\" content=\"Written by\" \/>\n\t<meta name=\"twitter:data1\" content=\"criserb\" \/>\n\t<meta name=\"twitter:label2\" content=\"Est. reading time\" \/>\n\t<meta name=\"twitter:data2\" content=\"3 minutes\" \/>\n<script type=\"application\/ld+json\" class=\"yoast-schema-graph\">{\"@context\":\"https:\/\/schema.org\",\"@graph\":[{\"@type\":\"Article\",\"@id\":\"https:\/\/www.criserb.com\/blog\/am-facut-10km-cu-trotineta-electrica-prin-bucuresti\/#article\",\"isPartOf\":{\"@id\":\"https:\/\/www.criserb.com\/blog\/am-facut-10km-cu-trotineta-electrica-prin-bucuresti\/\"},\"author\":{\"name\":\"criserb\",\"@id\":\"https:\/\/www.criserb.com\/blog\/#\/schema\/person\/8df5199bda4e628c32a10f318d8602b5\"},\"headline\":\"Am f\u0103cut 10km cu trotineta electric\u0103 prin Bucure\u0219ti\",\"datePublished\":\"2018-05-16T13:13:47+00:00\",\"mainEntityOfPage\":{\"@id\":\"https:\/\/www.criserb.com\/blog\/am-facut-10km-cu-trotineta-electrica-prin-bucuresti\/\"},\"wordCount\":536,\"commentCount\":5,\"publisher\":{\"@id\":\"https:\/\/www.criserb.com\/blog\/#\/schema\/person\/8df5199bda4e628c32a10f318d8602b5\"},\"image\":{\"@id\":\"https:\/\/www.criserb.com\/blog\/am-facut-10km-cu-trotineta-electrica-prin-bucuresti\/#primaryimage\"},\"thumbnailUrl\":\"https:\/\/www.criserb.com\/blog\/poze\/2018\/05\/20180516_133603.jpg\",\"keywords\":[\"e-twow\",\"trotinet\u0103\",\"trotineta electric\u0103\"],\"articleSection\":[\"Fun\"],\"inLanguage\":\"en-US\",\"potentialAction\":[{\"@type\":\"CommentAction\",\"name\":\"Comment\",\"target\":[\"https:\/\/www.criserb.com\/blog\/am-facut-10km-cu-trotineta-electrica-prin-bucuresti\/#respond\"]}]},{\"@type\":\"WebPage\",\"@id\":\"https:\/\/www.criserb.com\/blog\/am-facut-10km-cu-trotineta-electrica-prin-bucuresti\/\",\"url\":\"https:\/\/www.criserb.com\/blog\/am-facut-10km-cu-trotineta-electrica-prin-bucuresti\/\",\"name\":\"Am f\u0103cut 10km cu trotineta electric\u0103 prin Bucure\u0219ti\",\"isPartOf\":{\"@id\":\"https:\/\/www.criserb.com\/blog\/#website\"},\"primaryImageOfPage\":{\"@id\":\"https:\/\/www.criserb.com\/blog\/am-facut-10km-cu-trotineta-electrica-prin-bucuresti\/#primaryimage\"},\"image\":{\"@id\":\"https:\/\/www.criserb.com\/blog\/am-facut-10km-cu-trotineta-electrica-prin-bucuresti\/#primaryimage\"},\"thumbnailUrl\":\"https:\/\/www.criserb.com\/blog\/poze\/2018\/05\/20180516_133603.jpg\",\"datePublished\":\"2018-05-16T13:13:47+00:00\",\"breadcrumb\":{\"@id\":\"https:\/\/www.criserb.com\/blog\/am-facut-10km-cu-trotineta-electrica-prin-bucuresti\/#breadcrumb\"},\"inLanguage\":\"en-US\",\"potentialAction\":[{\"@type\":\"ReadAction\",\"target\":[\"https:\/\/www.criserb.com\/blog\/am-facut-10km-cu-trotineta-electrica-prin-bucuresti\/\"]}]},{\"@type\":\"ImageObject\",\"inLanguage\":\"en-US\",\"@id\":\"https:\/\/www.criserb.com\/blog\/am-facut-10km-cu-trotineta-electrica-prin-bucuresti\/#primaryimage\",\"url\":\"https:\/\/www.criserb.com\/blog\/poze\/2018\/05\/20180516_133603.jpg\",\"contentUrl\":\"https:\/\/www.criserb.com\/blog\/poze\/2018\/05\/20180516_133603.jpg\",\"width\":1283,\"height\":962},{\"@type\":\"BreadcrumbList\",\"@id\":\"https:\/\/www.criserb.com\/blog\/am-facut-10km-cu-trotineta-electrica-prin-bucuresti\/#breadcrumb\",\"itemListElement\":[{\"@type\":\"ListItem\",\"position\":1,\"name\":\"Home\",\"item\":\"https:\/\/www.criserb.com\/blog\/\"},{\"@type\":\"ListItem\",\"position\":2,\"name\":\"Am f\u0103cut 10km cu trotineta electric\u0103 prin Bucure\u0219ti\"}]},{\"@type\":\"WebSite\",\"@id\":\"https:\/\/www.criserb.com\/blog\/#website\",\"url\":\"https:\/\/www.criserb.com\/blog\/\",\"name\":\"criserb.com\",\"description\":\"Nimic ce merita citit :)\",\"publisher\":{\"@id\":\"https:\/\/www.criserb.com\/blog\/#\/schema\/person\/8df5199bda4e628c32a10f318d8602b5\"},\"potentialAction\":[{\"@type\":\"SearchAction\",\"target\":{\"@type\":\"EntryPoint\",\"urlTemplate\":\"https:\/\/www.criserb.com\/blog\/?s={search_term_string}\"},\"query-input\":{\"@type\":\"PropertyValueSpecification\",\"valueRequired\":true,\"valueName\":\"search_term_string\"}}],\"inLanguage\":\"en-US\"},{\"@type\":[\"Person\",\"Organization\"],\"@id\":\"https:\/\/www.criserb.com\/blog\/#\/schema\/person\/8df5199bda4e628c32a10f318d8602b5\",\"name\":\"criserb\",\"image\":{\"@type\":\"ImageObject\",\"inLanguage\":\"en-US\",\"@id\":\"https:\/\/www.criserb.com\/blog\/#\/schema\/person\/image\/\",\"url\":\"http:\/\/0.gravatar.com\/avatar\/fdb6cca710f39545f0c4b5b936c390b4?s=96&d=monsterid&r=pg\",\"contentUrl\":\"http:\/\/0.gravatar.com\/avatar\/fdb6cca710f39545f0c4b5b936c390b4?s=96&d=monsterid&r=pg\",\"caption\":\"criserb\"},\"logo\":{\"@id\":\"https:\/\/www.criserb.com\/blog\/#\/schema\/person\/image\/\"},\"sameAs\":[\"http:\/\/www.criserb.com\"],\"url\":\"https:\/\/www.criserb.com\/blog\/author\/criserb\/\"}]}<\/script>\n<!-- \/ Yoast SEO plugin. -->","yoast_head_json":{"title":"Am f\u0103cut 10km cu trotineta electric\u0103 prin Bucure\u0219ti","robots":{"index":"index","follow":"follow","max-snippet":"max-snippet:-1","max-image-preview":"max-image-preview:large","max-video-preview":"max-video-preview:-1"},"canonical":"https:\/\/www.criserb.com\/blog\/am-facut-10km-cu-trotineta-electrica-prin-bucuresti\/","twitter_misc":{"Written by":"criserb","Est. reading time":"3 minutes"},"schema":{"@context":"https:\/\/schema.org","@graph":[{"@type":"Article","@id":"https:\/\/www.criserb.com\/blog\/am-facut-10km-cu-trotineta-electrica-prin-bucuresti\/#article","isPartOf":{"@id":"https:\/\/www.criserb.com\/blog\/am-facut-10km-cu-trotineta-electrica-prin-bucuresti\/"},"author":{"name":"criserb","@id":"https:\/\/www.criserb.com\/blog\/#\/schema\/person\/8df5199bda4e628c32a10f318d8602b5"},"headline":"Am f\u0103cut 10km cu trotineta electric\u0103 prin Bucure\u0219ti","datePublished":"2018-05-16T13:13:47+00:00","mainEntityOfPage":{"@id":"https:\/\/www.criserb.com\/blog\/am-facut-10km-cu-trotineta-electrica-prin-bucuresti\/"},"wordCount":536,"commentCount":5,"publisher":{"@id":"https:\/\/www.criserb.com\/blog\/#\/schema\/person\/8df5199bda4e628c32a10f318d8602b5"},"image":{"@id":"https:\/\/www.criserb.com\/blog\/am-facut-10km-cu-trotineta-electrica-prin-bucuresti\/#primaryimage"},"thumbnailUrl":"https:\/\/www.criserb.com\/blog\/poze\/2018\/05\/20180516_133603.jpg","keywords":["e-twow","trotinet\u0103","trotineta electric\u0103"],"articleSection":["Fun"],"inLanguage":"en-US","potentialAction":[{"@type":"CommentAction","name":"Comment","target":["https:\/\/www.criserb.com\/blog\/am-facut-10km-cu-trotineta-electrica-prin-bucuresti\/#respond"]}]},{"@type":"WebPage","@id":"https:\/\/www.criserb.com\/blog\/am-facut-10km-cu-trotineta-electrica-prin-bucuresti\/","url":"https:\/\/www.criserb.com\/blog\/am-facut-10km-cu-trotineta-electrica-prin-bucuresti\/","name":"Am f\u0103cut 10km cu trotineta electric\u0103 prin Bucure\u0219ti","isPartOf":{"@id":"https:\/\/www.criserb.com\/blog\/#website"},"primaryImageOfPage":{"@id":"https:\/\/www.criserb.com\/blog\/am-facut-10km-cu-trotineta-electrica-prin-bucuresti\/#primaryimage"},"image":{"@id":"https:\/\/www.criserb.com\/blog\/am-facut-10km-cu-trotineta-electrica-prin-bucuresti\/#primaryimage"},"thumbnailUrl":"https:\/\/www.criserb.com\/blog\/poze\/2018\/05\/20180516_133603.jpg","datePublished":"2018-05-16T13:13:47+00:00","breadcrumb":{"@id":"https:\/\/www.criserb.com\/blog\/am-facut-10km-cu-trotineta-electrica-prin-bucuresti\/#breadcrumb"},"inLanguage":"en-US","potentialAction":[{"@type":"ReadAction","target":["https:\/\/www.criserb.com\/blog\/am-facut-10km-cu-trotineta-electrica-prin-bucuresti\/"]}]},{"@type":"ImageObject","inLanguage":"en-US","@id":"https:\/\/www.criserb.com\/blog\/am-facut-10km-cu-trotineta-electrica-prin-bucuresti\/#primaryimage","url":"https:\/\/www.criserb.com\/blog\/poze\/2018\/05\/20180516_133603.jpg","contentUrl":"https:\/\/www.criserb.com\/blog\/poze\/2018\/05\/20180516_133603.jpg","width":1283,"height":962},{"@type":"BreadcrumbList","@id":"https:\/\/www.criserb.com\/blog\/am-facut-10km-cu-trotineta-electrica-prin-bucuresti\/#breadcrumb","itemListElement":[{"@type":"ListItem","position":1,"name":"Home","item":"https:\/\/www.criserb.com\/blog\/"},{"@type":"ListItem","position":2,"name":"Am f\u0103cut 10km cu trotineta electric\u0103 prin Bucure\u0219ti"}]},{"@type":"WebSite","@id":"https:\/\/www.criserb.com\/blog\/#website","url":"https:\/\/www.criserb.com\/blog\/","name":"criserb.com","description":"Nimic ce merita citit :)","publisher":{"@id":"https:\/\/www.criserb.com\/blog\/#\/schema\/person\/8df5199bda4e628c32a10f318d8602b5"},"potentialAction":[{"@type":"SearchAction","target":{"@type":"EntryPoint","urlTemplate":"https:\/\/www.criserb.com\/blog\/?s={search_term_string}"},"query-input":{"@type":"PropertyValueSpecification","valueRequired":true,"valueName":"search_term_string"}}],"inLanguage":"en-US"},{"@type":["Person","Organization"],"@id":"https:\/\/www.criserb.com\/blog\/#\/schema\/person\/8df5199bda4e628c32a10f318d8602b5","name":"criserb","image":{"@type":"ImageObject","inLanguage":"en-US","@id":"https:\/\/www.criserb.com\/blog\/#\/schema\/person\/image\/","url":"http:\/\/0.gravatar.com\/avatar\/fdb6cca710f39545f0c4b5b936c390b4?s=96&d=monsterid&r=pg","contentUrl":"http:\/\/0.gravatar.com\/avatar\/fdb6cca710f39545f0c4b5b936c390b4?s=96&d=monsterid&r=pg","caption":"criserb"},"logo":{"@id":"https:\/\/www.criserb.com\/blog\/#\/schema\/person\/image\/"},"sameAs":["http:\/\/www.criserb.com"],"url":"https:\/\/www.criserb.com\/blog\/author\/criserb\/"}]}},"_links":{"self":[{"href":"https:\/\/www.criserb.com\/blog\/wp-json\/wp\/v2\/posts\/33663"}],"collection":[{"href":"https:\/\/www.criserb.com\/blog\/wp-json\/wp\/v2\/posts"}],"about":[{"href":"https:\/\/www.criserb.com\/blog\/wp-json\/wp\/v2\/types\/post"}],"author":[{"embeddable":true,"href":"https:\/\/www.criserb.com\/blog\/wp-json\/wp\/v2\/users\/3"}],"replies":[{"embeddable":true,"href":"https:\/\/www.criserb.com\/blog\/wp-json\/wp\/v2\/comments?post=33663"}],"version-history":[{"count":0,"href":"https:\/\/www.criserb.com\/blog\/wp-json\/wp\/v2\/posts\/33663\/revisions"}],"wp:featuredmedia":[{"embeddable":true,"href":"https:\/\/www.criserb.com\/blog\/wp-json\/wp\/v2\/media\/33664"}],"wp:attachment":[{"href":"https:\/\/www.criserb.com\/blog\/wp-json\/wp\/v2\/media?parent=33663"}],"wp:term":[{"taxonomy":"category","embeddable":true,"href":"https:\/\/www.criserb.com\/blog\/wp-json\/wp\/v2\/categories?post=33663"},{"taxonomy":"post_tag","embeddable":true,"href":"https:\/\/www.criserb.com\/blog\/wp-json\/wp\/v2\/tags?post=33663"}],"curies":[{"name":"wp","href":"https:\/\/api.w.org\/{rel}","templated":true}]}}