{"id":33871,"date":"2018-09-28T11:25:55","date_gmt":"2018-09-28T08:25:55","guid":{"rendered":"https:\/\/www.criserb.com\/blog\/?p=33871"},"modified":"2018-09-28T11:33:25","modified_gmt":"2018-09-28T08:33:25","slug":"daca-gdpr-ul-ni-se-aplica-sau-nu-situatia-dezvoltatorilor-de-software-la-comanda","status":"publish","type":"post","link":"https:\/\/www.criserb.com\/blog\/daca-gdpr-ul-ni-se-aplica-sau-nu-situatia-dezvoltatorilor-de-software-la-comanda\/","title":{"rendered":"Dac\u0103 GDPR-ul ni se aplic\u0103 sau nu. Situa\u021bia dezvoltatorilor de software la comand\u0103"},"content":{"rendered":"<p><img loading=\"lazy\" decoding=\"async\" class=\"aligncenter size-full wp-image-33873\" src=\"https:\/\/www.criserb.com\/blog\/poze\/2018\/09\/gdpr-2-1.jpg\" alt=\"\" width=\"1000\" height=\"563\" \/><\/p>\n<p><em>Guest post by <a href=\"http:\/\/www.cyberlaw.ro\/\" target=\"_blank\" rel=\"noopener\">Monica Lupa\u0219cu<\/a><\/em><\/p>\n<p>\u0218tiu c\u0103 a re\u00eenceput sezonul cursurilor de GDPR \u00een care \u00eenv\u0103\u021b\u0103m cum s\u0103 fim compliant \u0219i cum s\u0103 interpret\u0103m c\u00e2t mai bine o lege conceput\u0103 a \u00eencurca mai mult dec\u00e2t a descurca. Dar, \u00eenainte de a \u0219ti dac\u0103 \u0219i cum trebuie s\u0103 p\u0103stram dovada consim\u021b\u0103m\u00e2ntului userilor (ori nu am uitat de vreuna dintre aceste reguli de pe c\u00e2nd existau b\u0103tr\u00e2nele directive data privacy),\u00a0<strong>cred c\u0103 este necesar s\u0103 afl\u0103m dac\u0103 GDPR-ul ni se aplic\u0103 sau nu<\/strong>.\u00a0Nu de alta, dar, cu siguran\u021b\u0103, vor exista \u00een cursul activit\u0103\u021bii noastre numeroase ocazii \u00een care clientul\/clien\u021bii vor \u00eencerca s\u0103 ne conving\u0103 c\u0103 suntem ori\u00a0 intermediari, ori operatori, ori \u0219i una \u0219i alta sau c\u0103, indiferent de situa\u021bie trebuie s\u0103 semn\u0103m un contract ori o anex\u0103 GDPR pentru c\u0103 ne oblig\u0103 \u201emama corpora\u021bie\u201d.<\/p>\n<p>Prima recomandare ar fi s\u0103 nu va arunca\u021bi s\u0103 semna\u021bi orice contract cu prevederi GDPR \u0219i c\u00e2nd spun contract, m\u0103 refer inclusiv la orice \u00eenscris, fie acesta sub forma unei anexe sau declara\u021bii unilateriale.\u00a0<strong>Dac\u0103 un contract necesit\u0103 avizul unui avocat cu at\u00e2t mai mult unul care con\u021bine o r\u0103spundere pe gdpr<\/strong>.\u00a0Nu de alta, dar, chiar dac\u0103 pare echitabil, cu clauze aplicabile ambelor p\u0103r\u021bi sau f\u0103r\u0103 vreo r\u0103spundere programat\u0103 a func\u021biona sub forma unei desp\u0103gubiri, \u0219ansele de a v\u0103 asuma mai mult dec\u00e2t pute\u021bi duce sunt destul de mari. \u0218i asta, pentru c\u0103 acest GDPR a adus cu sine un soi de lupt\u0103 pentru supravie\u021buire \u00een care sunt antrenate \u0219i multe companii tech precum de\u021bin\u0103tori platforme online, dezvoltatori software, hosting provideri, etc. \u00a0\u00centre acestea \u0219i realii operatori de date cu caracter personal a \u00eenceput o adev\u0103rat\u0103 fug\u0103 de r\u0103spundere, fiecare dorind s\u0103 arunce maimu\u021ba \u00een bra\u021bele cui poate s\u0103 o duc\u0103 \u00eentruc\u00e2t, \u0219ti\u021bi \u0219i voi, companii cu resurse \u00eendeajuns c\u00e2t s\u0103 implementeze cap coad\u0103 impunerile GDPR, sunt destul de pu\u021bine.<\/p>\n<p>Scriu acest articol pentru c\u0103 m-am \u00eent\u00e2lnit recent cu o situa\u021bie \u00een care, chiar f\u0103r\u0103 o implicare la nivelul datelor cu caracter personal, partenerul contractual propunea semnarea unui acord \u00een conformitate cu dispozi\u021biile gdpr. Este clar, adev\u0103rata \u0219i, poate, cea mai semnificativ\u0103 schimbare (din punctul meu de vedere) pe care a adus-o acest GDPR const\u0103 \u00een faptul c\u0103 a atras dup\u0103 sine o r\u0103spundere \u00een dauna industriei IT \u0219i \u00een beneficiul realilor operatori de date, \u00a0majoritatea firmelor tech fiind,\u00a0<strong>\u00een prezent, for\u021bate s\u0103 suporte calitatea de procesator de date cu caracter personal doar\u00a0<\/strong><strong>pentru c\u0103 exist\u0103 un acces la date sau o minim\u0103 stocare, chiar dac\u0103 aceasta este tranzitorie, chiar dac\u0103 aceasta este accesorie, chiar dac\u0103\u00a0<\/strong><strong>aceasta este operat\u0103 pentru \u00eendeplinirea unor obliga\u021bii de securitate \u0219i culmea, chiar dac\u0103 aceasta, nereprezent\u00e2nd un serviciu distinct de cel\u00a0<\/strong><strong>furnizat, nu este remunerat\u0103<\/strong>.<\/p>\n<p>Dincolo de aceste situa\u021bii \u00een care, cel mai probabil, nu putem face nimic, un minim acces la date \u00eensemn\u00e2nd prelucrare, exist\u0103 \u0219i altele, f importante, \u0219i de care trebuie s\u0103 se \u021bin\u0103 cont, care implic\u0103\u00a0<strong>dezvoltatorii software<\/strong>\u00a0\u0219i<strong>\u00a0care nu presupun aplicabilitatea gdpr<\/strong>.<\/p>\n<p>Exemplul foarte bun ar fi acela al dezvolt\u0103rii unor aplica\u021bii, desktop ori mobile, destinate a fi utilizate de c\u0103tre client (exclusiv sau de clien\u021bii\/clientul clientului) \u0219i nu de dezvoltator.\u00a0<strong>Indiferent de modalitatea \u00een care aceste aplica\u021bii vor func\u021biona, chiar dac\u0103 prin utilizarea acestor aplica\u021bii se va ajunge la vreun acces la datele personale ale anumitor persoane fizice, dac\u0103 dezvoltatorul a creat doar aplica\u021bia (design \u0219i sau implementare) r\u0103spunderea acestuia nu trebuie s\u0103 priveasc\u0103 prelucrarea de date.<\/strong> \u00centr-o asemenea situa\u021bie, chiar dac\u0103 aplica\u021bia va fi folosit\u0103 cu prec\u0103dere pentru prelucrarea de date cu caracter personal, regulamentul GDPR nu trebuie s\u0103 \u00eei fie aplicabil dezvoltatorului software. De cele mai multe ori aceste lucruri nu trebuie l\u0103sate la voia \u00eent\u00e2mpl\u0103rii \u00een sensul c\u0103 simplul refuz al semn\u0103rii unui acord gdpr nu ne poate absolvi de r\u0103spundere, fiind de preferat s\u0103 existe o clauz\u0103 clar\u0103 \u00een care s\u0103 fie precizat\u0103 r\u0103spunderea fiec\u0103rei p\u0103r\u021bi, respectiv neasumarea acesteia cu privire la prelucrarea de date cu caracter personal ce urmeaz\u0103 a se realiza prin utilizarea aplica\u021biei respective. \u0218i asta pentru c\u0103 multe aspecte pot fi interpretate diferit ulterior semn\u0103rii unui contract, mai ales c\u00e2nd interpretarea st\u0103 la m\u00e2na unei persoane care nu a cunoscut nici una dintre p\u0103r\u021bi \u0219i care va trebui s\u0103 \u00een\u021beleag\u0103 de ce cel care a dezvoltat o aplica\u021bie programat\u0103 pentru a \u00eenregistra nume \u0219i adrese de email, nu trebuie s\u0103 r\u0103spund\u0103 pentru modalitatea \u00een care aceste nume \u0219i adrese de email sunt \u00eenregistrate efectiv.<\/p>\n<p>Trebuie s\u0103 \u021binem cont \u0219i de faptul c\u0103, indiferent de semnarea sau nu a unui contract \u00een acest sens, regulamentul gdpr poate fi \u00een egal\u0103 m\u0103sur\u0103\u00a0 aplicabil, cunoscut fiind faptul c\u0103 obliga\u021biile dintre p\u0103r\u021bi urmeaz\u0103 a fi interpretate inclusiv \u00een func\u021bie de ceea ce legea (adica inclusiv gdpr) \u0219i uzan\u021bele prev\u0103d.<\/p>\n<p>Conexat cu asta, \u00eemi aduc aminte de ceea ce un drag \u201eprofesor\u201d \u00eencerca s\u0103 \u00ee\u0219i \u00eenve\u021be elevii, atr\u0103g\u00e2nd aten\u021bia asupra faptului c\u0103\u00a0<strong>marele avantaj al unui\u00a0<\/strong><strong>contract consta nu \u00een ceea ce este scris \u00een acesta ci \u00een ceea ce este exclus.<\/strong><\/p>\n<p>Revenind la GDPR, a\u0219a cum am explicat mai sus, chiar f\u0103r\u0103 a fi men\u021bionat \u00een expres ca aplicabilitate, el poate fi impus \u00een cazul \u00een care opera\u021biunile vreunei p\u0103r\u021bi vor fi interpretate a presupune vreo prelucrare de date cu caracter persoanal, \u0219i este de preferat s\u0103 nu risc\u0103m ca activitatea noastr\u0103 s\u0103 fie ulterior considerat\u0103 a avea vreo leg\u0103tur\u0103 cu aceasta. Un scurt disclaimer nu ar strica \u00een care p\u0103r\u021bile s\u0103 recunoasc\u0103\u00a0<strong>neimplicarea dezvoltatorului la\u00a0<\/strong><strong>nivelul datelor cu caracter personal ce vor urma a fi prelucrate prin utilizarea aplica\u021biei de c\u0103tre client.<\/strong> \u00cen felul acesta dezvoltarea va fi clar \u00een\u021beleas\u0103 a exclude orice form\u0103 de acces la date \u0219i nimeni nu va putea s\u0103 sus\u021bin\u0103 c\u0103 am fi fost obliga\u021bi s\u0103 consiliem \u00een vreun fel clientul \u00een ceea ce prive\u0219te maniera \u00een care datele vor fi preluate de la useri \u0219i prelucrate efectiv.<\/p>\n<p>\u0218tiu c\u0103 sun\u0103 absurd, dar printre acele multe obliga\u021bii impuse unui intermediar ( a propos de asta, c\u00e2t de neutru sun\u0103 \u201ctraducerea\u201d \u00een rom\u00e2n\u0103 a calit\u0103\u021bii de \u201cprocessor\u201d) este \u0219i aceea de a \u201cconsilia\u201d\u00a0<a href=\"https:\/\/eur-lex.europa.eu\/legal-content\/EN\/TXT\/?uri=uriserv:OJ.L_.2016.119.01.0001.01.ENG&amp;amp;toc=OJ:L:2016:119:FULL\" target=\"_blank\" rel=\"noopener\">operatorul cu privire la conformitatea cu GDPR, a se vedea art.28 (1) lit.e) \u0219i h)<\/a>\u00a0\u00een care procesatorul (intermediarul) \u00a0trebuie s\u0103 ofere asisten\u021b\u0103 tehnic\u0103 \u0219i organizatoric\u0103 pentru \u00eendeplinirea anumitor sarcini puse \u00een seama operatorului (echitabil, nu?).<\/p>\n<p>Ei bine, aceasta \u0219i alte asemenea absurdit\u0103\u021bi ar fi bine s\u0103 fie evitate, mai ales c\u00e2nd aplica\u021bia reprezint\u0103 un software la comand\u0103, realizat exclusiv la instruc\u021biunile clientului, pus \u00een bra\u021bele acestuia pentru a \u0219i-l asuma complet. Este posibil ca demarca\u021bia s\u0103 fie fin\u0103 \u00eentre ceea ce reprezint\u0103 o minim\u0103 implicare la nivel de date \u0219i ceea ce nu va putea fi prelucrare mai ales \u00een situa\u021bia \u00een care aplica\u021bie este dezvoltat\u0103 tocmai pentru a prelucra date cu caracter personal.<\/p>\n<p>Poate este mai u\u0219or dac\u0103 am pleca de la un exemplu de aplicabilitate GDPR, cazul unui dezvoltator software care nu doar dezvolt\u0103 aplica\u021bia dar ofer\u0103 \u0219i servicii mentenan\u021b\u0103, activitate care poate prespune accesul la anumite date ce vor fi stocate, colectate, organizate de aplica\u021bie. Un alt exemplu de aplicabilitate GDPR ar mai fi \u0219i acela \u00een care dezvoltarea \u00een sine a aplica\u021biei a necesitat accesul la anumite baze de date puse la dispozi\u021bie de c\u0103tre client. \u00cen aceast\u0103 ultim\u0103 situa\u021bie, o limitare a r\u0103spunderii se poate totu\u0219i negocia \u00eentruc\u00e2t prelucrarea a avut o perioad\u0103 de timp limitat\u0103 \u0219i ocazionat\u0103 doar de dezvoltare, la predarea proiectului dezvoltatorul fiind desc\u0103rcat practic de astfel de atribu\u021bii. Dincolo de aceste exemple st\u0103 cazul proiectului conceput exclusiv pe marginea indica\u021biilor clientului, \u00een care dezvoltatorul \u0219i-a asumat doar prestarea unor servicii de dezvoltare software la comand\u0103, aplica\u021bia urm\u00e2nd s\u0103 fie folosit\u0103 ulterior de c\u0103tre client potrivit propriilor interese.<\/p>\n<p>Pentru a fi \u0219i mai evidente lucrurile, \u00eentotdeauna c\u00e2nd vi se pune la \u00eendoial\u0103 calitatea de simplu dezvoltator, s\u0103 citi\u021bi cu aten\u021bie ceea ce \u00eensu\u0219i gdpr-ul define\u0219te a fi prelucrare de date cu caracter personal:<\/p>\n<blockquote><p>orice opera\u021biune sau set de opera\u021biuni\u00a0<strong>efectuate asupra datelor cu caracter personal<\/strong>\u00a0sau asupra seturilor de date cu caracter personal, cu sau f\u0103r\u0103 utilizarea de mijloace automatizate, cum ar fi colectarea, \u00eenregistrarea, organizarea, structurarea, stocarea, adaptarea sau modificarea, extragerea, consultarea, utilizarea, divulgarea prin transmitere, diseminarea sau punerea la dispozi\u021bie \u00een orice alt mod, alinierea sau combinarea, restric\u021bionarea, \u0219tergerea sau distrugerea;<\/p><\/blockquote>\n<p>C\u00e2teva caracteristici merit\u0103 a fi re\u021binute:\u00a0<strong>prelucrarea nu va putea fi ac\u021biunea ocazional\u0103<\/strong>\u00a0de re\u021binere a unei adrese de email, prelucrarea se va efectua\u00a0<strong>asupra unor date sau a unui set de date<\/strong>, trebuind a\u0219adar s\u0103 existe mai multe astfel de date, o suit\u0103, un set,\u00a0<strong>prelucrarea trebuie s\u0103 implice un minim acces<\/strong>\u00a0(orice tip \u00eentr-adev\u0103r, dar acces s\u0103 fie) \u0219i nu orice date sunt date personale ci doar cele care corespund persoanelor fizice. A\u0219adar f\u0103r\u0103 acces nu exist\u0103 prelucrare iar\u00a0<strong>f\u0103r\u0103 prelucrare nu exist\u0103 gdpr.<\/strong> :)<\/p>\n","protected":false},"excerpt":{"rendered":"<p>Guest post by Monica Lupa\u0219cu \u0218tiu c\u0103 a re\u00eenceput sezonul cursurilor de GDPR \u00een care \u00eenv\u0103\u021b\u0103m cum s\u0103 fim compliant \u0219i cum s\u0103 interpret\u0103m c\u00e2t mai bine o lege conceput\u0103 a \u00eencurca mai mult dec\u00e2t a descurca. Dar, \u00eenainte de a \u0219ti dac\u0103 \u0219i cum trebuie s\u0103 p\u0103stram dovada consim\u021b\u0103m\u00e2ntului userilor (ori nu am uitat&hellip;<\/p>\n","protected":false},"author":3,"featured_media":33873,"comment_status":"open","ping_status":"open","sticky":false,"template":"","format":"standard","meta":{"footnotes":""},"categories":[74],"tags":[7657,7658],"yoast_head":"<!-- This site is optimized with the Yoast SEO plugin v24.5 - https:\/\/yoast.com\/wordpress\/plugins\/seo\/ -->\n<title>Dac\u0103 GDPR-ul ni se aplic\u0103 sau nu. Situa\u021bia dezvoltatorilor de software la comand\u0103<\/title>\n<meta name=\"robots\" content=\"index, follow, max-snippet:-1, max-image-preview:large, max-video-preview:-1\" \/>\n<link rel=\"canonical\" href=\"https:\/\/www.criserb.com\/blog\/daca-gdpr-ul-ni-se-aplica-sau-nu-situatia-dezvoltatorilor-de-software-la-comanda\/\" \/>\n<meta name=\"twitter:label1\" content=\"Written by\" \/>\n\t<meta name=\"twitter:data1\" content=\"criserb\" \/>\n\t<meta name=\"twitter:label2\" content=\"Est. reading time\" \/>\n\t<meta name=\"twitter:data2\" content=\"8 minutes\" \/>\n<script type=\"application\/ld+json\" class=\"yoast-schema-graph\">{\"@context\":\"https:\/\/schema.org\",\"@graph\":[{\"@type\":\"Article\",\"@id\":\"https:\/\/www.criserb.com\/blog\/daca-gdpr-ul-ni-se-aplica-sau-nu-situatia-dezvoltatorilor-de-software-la-comanda\/#article\",\"isPartOf\":{\"@id\":\"https:\/\/www.criserb.com\/blog\/daca-gdpr-ul-ni-se-aplica-sau-nu-situatia-dezvoltatorilor-de-software-la-comanda\/\"},\"author\":{\"name\":\"criserb\",\"@id\":\"https:\/\/www.criserb.com\/blog\/#\/schema\/person\/8df5199bda4e628c32a10f318d8602b5\"},\"headline\":\"Dac\u0103 GDPR-ul ni se aplic\u0103 sau nu. Situa\u021bia dezvoltatorilor de software la comand\u0103\",\"datePublished\":\"2018-09-28T08:25:55+00:00\",\"dateModified\":\"2018-09-28T08:33:25+00:00\",\"mainEntityOfPage\":{\"@id\":\"https:\/\/www.criserb.com\/blog\/daca-gdpr-ul-ni-se-aplica-sau-nu-situatia-dezvoltatorilor-de-software-la-comanda\/\"},\"wordCount\":1621,\"commentCount\":0,\"publisher\":{\"@id\":\"https:\/\/www.criserb.com\/blog\/#\/schema\/person\/8df5199bda4e628c32a10f318d8602b5\"},\"image\":{\"@id\":\"https:\/\/www.criserb.com\/blog\/daca-gdpr-ul-ni-se-aplica-sau-nu-situatia-dezvoltatorilor-de-software-la-comanda\/#primaryimage\"},\"thumbnailUrl\":\"https:\/\/www.criserb.com\/blog\/poze\/2018\/09\/gdpr-2-1.jpg\",\"keywords\":[\"GDPR\",\"Monica Lupa\u0219cu\"],\"articleSection\":[\"Lege\"],\"inLanguage\":\"en-US\",\"potentialAction\":[{\"@type\":\"CommentAction\",\"name\":\"Comment\",\"target\":[\"https:\/\/www.criserb.com\/blog\/daca-gdpr-ul-ni-se-aplica-sau-nu-situatia-dezvoltatorilor-de-software-la-comanda\/#respond\"]}]},{\"@type\":\"WebPage\",\"@id\":\"https:\/\/www.criserb.com\/blog\/daca-gdpr-ul-ni-se-aplica-sau-nu-situatia-dezvoltatorilor-de-software-la-comanda\/\",\"url\":\"https:\/\/www.criserb.com\/blog\/daca-gdpr-ul-ni-se-aplica-sau-nu-situatia-dezvoltatorilor-de-software-la-comanda\/\",\"name\":\"Dac\u0103 GDPR-ul ni se aplic\u0103 sau nu. Situa\u021bia dezvoltatorilor de software la comand\u0103\",\"isPartOf\":{\"@id\":\"https:\/\/www.criserb.com\/blog\/#website\"},\"primaryImageOfPage\":{\"@id\":\"https:\/\/www.criserb.com\/blog\/daca-gdpr-ul-ni-se-aplica-sau-nu-situatia-dezvoltatorilor-de-software-la-comanda\/#primaryimage\"},\"image\":{\"@id\":\"https:\/\/www.criserb.com\/blog\/daca-gdpr-ul-ni-se-aplica-sau-nu-situatia-dezvoltatorilor-de-software-la-comanda\/#primaryimage\"},\"thumbnailUrl\":\"https:\/\/www.criserb.com\/blog\/poze\/2018\/09\/gdpr-2-1.jpg\",\"datePublished\":\"2018-09-28T08:25:55+00:00\",\"dateModified\":\"2018-09-28T08:33:25+00:00\",\"breadcrumb\":{\"@id\":\"https:\/\/www.criserb.com\/blog\/daca-gdpr-ul-ni-se-aplica-sau-nu-situatia-dezvoltatorilor-de-software-la-comanda\/#breadcrumb\"},\"inLanguage\":\"en-US\",\"potentialAction\":[{\"@type\":\"ReadAction\",\"target\":[\"https:\/\/www.criserb.com\/blog\/daca-gdpr-ul-ni-se-aplica-sau-nu-situatia-dezvoltatorilor-de-software-la-comanda\/\"]}]},{\"@type\":\"ImageObject\",\"inLanguage\":\"en-US\",\"@id\":\"https:\/\/www.criserb.com\/blog\/daca-gdpr-ul-ni-se-aplica-sau-nu-situatia-dezvoltatorilor-de-software-la-comanda\/#primaryimage\",\"url\":\"https:\/\/www.criserb.com\/blog\/poze\/2018\/09\/gdpr-2-1.jpg\",\"contentUrl\":\"https:\/\/www.criserb.com\/blog\/poze\/2018\/09\/gdpr-2-1.jpg\",\"width\":1000,\"height\":563},{\"@type\":\"BreadcrumbList\",\"@id\":\"https:\/\/www.criserb.com\/blog\/daca-gdpr-ul-ni-se-aplica-sau-nu-situatia-dezvoltatorilor-de-software-la-comanda\/#breadcrumb\",\"itemListElement\":[{\"@type\":\"ListItem\",\"position\":1,\"name\":\"Home\",\"item\":\"https:\/\/www.criserb.com\/blog\/\"},{\"@type\":\"ListItem\",\"position\":2,\"name\":\"Dac\u0103 GDPR-ul ni se aplic\u0103 sau nu. Situa\u021bia dezvoltatorilor de software la comand\u0103\"}]},{\"@type\":\"WebSite\",\"@id\":\"https:\/\/www.criserb.com\/blog\/#website\",\"url\":\"https:\/\/www.criserb.com\/blog\/\",\"name\":\"criserb.com\",\"description\":\"Nimic ce merita citit :)\",\"publisher\":{\"@id\":\"https:\/\/www.criserb.com\/blog\/#\/schema\/person\/8df5199bda4e628c32a10f318d8602b5\"},\"potentialAction\":[{\"@type\":\"SearchAction\",\"target\":{\"@type\":\"EntryPoint\",\"urlTemplate\":\"https:\/\/www.criserb.com\/blog\/?s={search_term_string}\"},\"query-input\":{\"@type\":\"PropertyValueSpecification\",\"valueRequired\":true,\"valueName\":\"search_term_string\"}}],\"inLanguage\":\"en-US\"},{\"@type\":[\"Person\",\"Organization\"],\"@id\":\"https:\/\/www.criserb.com\/blog\/#\/schema\/person\/8df5199bda4e628c32a10f318d8602b5\",\"name\":\"criserb\",\"image\":{\"@type\":\"ImageObject\",\"inLanguage\":\"en-US\",\"@id\":\"https:\/\/www.criserb.com\/blog\/#\/schema\/person\/image\/\",\"url\":\"http:\/\/0.gravatar.com\/avatar\/fdb6cca710f39545f0c4b5b936c390b4?s=96&d=monsterid&r=pg\",\"contentUrl\":\"http:\/\/0.gravatar.com\/avatar\/fdb6cca710f39545f0c4b5b936c390b4?s=96&d=monsterid&r=pg\",\"caption\":\"criserb\"},\"logo\":{\"@id\":\"https:\/\/www.criserb.com\/blog\/#\/schema\/person\/image\/\"},\"sameAs\":[\"http:\/\/www.criserb.com\"],\"url\":\"https:\/\/www.criserb.com\/blog\/author\/criserb\/\"}]}<\/script>\n<!-- \/ Yoast SEO plugin. -->","yoast_head_json":{"title":"Dac\u0103 GDPR-ul ni se aplic\u0103 sau nu. Situa\u021bia dezvoltatorilor de software la comand\u0103","robots":{"index":"index","follow":"follow","max-snippet":"max-snippet:-1","max-image-preview":"max-image-preview:large","max-video-preview":"max-video-preview:-1"},"canonical":"https:\/\/www.criserb.com\/blog\/daca-gdpr-ul-ni-se-aplica-sau-nu-situatia-dezvoltatorilor-de-software-la-comanda\/","twitter_misc":{"Written by":"criserb","Est. reading time":"8 minutes"},"schema":{"@context":"https:\/\/schema.org","@graph":[{"@type":"Article","@id":"https:\/\/www.criserb.com\/blog\/daca-gdpr-ul-ni-se-aplica-sau-nu-situatia-dezvoltatorilor-de-software-la-comanda\/#article","isPartOf":{"@id":"https:\/\/www.criserb.com\/blog\/daca-gdpr-ul-ni-se-aplica-sau-nu-situatia-dezvoltatorilor-de-software-la-comanda\/"},"author":{"name":"criserb","@id":"https:\/\/www.criserb.com\/blog\/#\/schema\/person\/8df5199bda4e628c32a10f318d8602b5"},"headline":"Dac\u0103 GDPR-ul ni se aplic\u0103 sau nu. Situa\u021bia dezvoltatorilor de software la comand\u0103","datePublished":"2018-09-28T08:25:55+00:00","dateModified":"2018-09-28T08:33:25+00:00","mainEntityOfPage":{"@id":"https:\/\/www.criserb.com\/blog\/daca-gdpr-ul-ni-se-aplica-sau-nu-situatia-dezvoltatorilor-de-software-la-comanda\/"},"wordCount":1621,"commentCount":0,"publisher":{"@id":"https:\/\/www.criserb.com\/blog\/#\/schema\/person\/8df5199bda4e628c32a10f318d8602b5"},"image":{"@id":"https:\/\/www.criserb.com\/blog\/daca-gdpr-ul-ni-se-aplica-sau-nu-situatia-dezvoltatorilor-de-software-la-comanda\/#primaryimage"},"thumbnailUrl":"https:\/\/www.criserb.com\/blog\/poze\/2018\/09\/gdpr-2-1.jpg","keywords":["GDPR","Monica Lupa\u0219cu"],"articleSection":["Lege"],"inLanguage":"en-US","potentialAction":[{"@type":"CommentAction","name":"Comment","target":["https:\/\/www.criserb.com\/blog\/daca-gdpr-ul-ni-se-aplica-sau-nu-situatia-dezvoltatorilor-de-software-la-comanda\/#respond"]}]},{"@type":"WebPage","@id":"https:\/\/www.criserb.com\/blog\/daca-gdpr-ul-ni-se-aplica-sau-nu-situatia-dezvoltatorilor-de-software-la-comanda\/","url":"https:\/\/www.criserb.com\/blog\/daca-gdpr-ul-ni-se-aplica-sau-nu-situatia-dezvoltatorilor-de-software-la-comanda\/","name":"Dac\u0103 GDPR-ul ni se aplic\u0103 sau nu. Situa\u021bia dezvoltatorilor de software la comand\u0103","isPartOf":{"@id":"https:\/\/www.criserb.com\/blog\/#website"},"primaryImageOfPage":{"@id":"https:\/\/www.criserb.com\/blog\/daca-gdpr-ul-ni-se-aplica-sau-nu-situatia-dezvoltatorilor-de-software-la-comanda\/#primaryimage"},"image":{"@id":"https:\/\/www.criserb.com\/blog\/daca-gdpr-ul-ni-se-aplica-sau-nu-situatia-dezvoltatorilor-de-software-la-comanda\/#primaryimage"},"thumbnailUrl":"https:\/\/www.criserb.com\/blog\/poze\/2018\/09\/gdpr-2-1.jpg","datePublished":"2018-09-28T08:25:55+00:00","dateModified":"2018-09-28T08:33:25+00:00","breadcrumb":{"@id":"https:\/\/www.criserb.com\/blog\/daca-gdpr-ul-ni-se-aplica-sau-nu-situatia-dezvoltatorilor-de-software-la-comanda\/#breadcrumb"},"inLanguage":"en-US","potentialAction":[{"@type":"ReadAction","target":["https:\/\/www.criserb.com\/blog\/daca-gdpr-ul-ni-se-aplica-sau-nu-situatia-dezvoltatorilor-de-software-la-comanda\/"]}]},{"@type":"ImageObject","inLanguage":"en-US","@id":"https:\/\/www.criserb.com\/blog\/daca-gdpr-ul-ni-se-aplica-sau-nu-situatia-dezvoltatorilor-de-software-la-comanda\/#primaryimage","url":"https:\/\/www.criserb.com\/blog\/poze\/2018\/09\/gdpr-2-1.jpg","contentUrl":"https:\/\/www.criserb.com\/blog\/poze\/2018\/09\/gdpr-2-1.jpg","width":1000,"height":563},{"@type":"BreadcrumbList","@id":"https:\/\/www.criserb.com\/blog\/daca-gdpr-ul-ni-se-aplica-sau-nu-situatia-dezvoltatorilor-de-software-la-comanda\/#breadcrumb","itemListElement":[{"@type":"ListItem","position":1,"name":"Home","item":"https:\/\/www.criserb.com\/blog\/"},{"@type":"ListItem","position":2,"name":"Dac\u0103 GDPR-ul ni se aplic\u0103 sau nu. Situa\u021bia dezvoltatorilor de software la comand\u0103"}]},{"@type":"WebSite","@id":"https:\/\/www.criserb.com\/blog\/#website","url":"https:\/\/www.criserb.com\/blog\/","name":"criserb.com","description":"Nimic ce merita citit :)","publisher":{"@id":"https:\/\/www.criserb.com\/blog\/#\/schema\/person\/8df5199bda4e628c32a10f318d8602b5"},"potentialAction":[{"@type":"SearchAction","target":{"@type":"EntryPoint","urlTemplate":"https:\/\/www.criserb.com\/blog\/?s={search_term_string}"},"query-input":{"@type":"PropertyValueSpecification","valueRequired":true,"valueName":"search_term_string"}}],"inLanguage":"en-US"},{"@type":["Person","Organization"],"@id":"https:\/\/www.criserb.com\/blog\/#\/schema\/person\/8df5199bda4e628c32a10f318d8602b5","name":"criserb","image":{"@type":"ImageObject","inLanguage":"en-US","@id":"https:\/\/www.criserb.com\/blog\/#\/schema\/person\/image\/","url":"http:\/\/0.gravatar.com\/avatar\/fdb6cca710f39545f0c4b5b936c390b4?s=96&d=monsterid&r=pg","contentUrl":"http:\/\/0.gravatar.com\/avatar\/fdb6cca710f39545f0c4b5b936c390b4?s=96&d=monsterid&r=pg","caption":"criserb"},"logo":{"@id":"https:\/\/www.criserb.com\/blog\/#\/schema\/person\/image\/"},"sameAs":["http:\/\/www.criserb.com"],"url":"https:\/\/www.criserb.com\/blog\/author\/criserb\/"}]}},"_links":{"self":[{"href":"https:\/\/www.criserb.com\/blog\/wp-json\/wp\/v2\/posts\/33871"}],"collection":[{"href":"https:\/\/www.criserb.com\/blog\/wp-json\/wp\/v2\/posts"}],"about":[{"href":"https:\/\/www.criserb.com\/blog\/wp-json\/wp\/v2\/types\/post"}],"author":[{"embeddable":true,"href":"https:\/\/www.criserb.com\/blog\/wp-json\/wp\/v2\/users\/3"}],"replies":[{"embeddable":true,"href":"https:\/\/www.criserb.com\/blog\/wp-json\/wp\/v2\/comments?post=33871"}],"version-history":[{"count":0,"href":"https:\/\/www.criserb.com\/blog\/wp-json\/wp\/v2\/posts\/33871\/revisions"}],"wp:featuredmedia":[{"embeddable":true,"href":"https:\/\/www.criserb.com\/blog\/wp-json\/wp\/v2\/media\/33873"}],"wp:attachment":[{"href":"https:\/\/www.criserb.com\/blog\/wp-json\/wp\/v2\/media?parent=33871"}],"wp:term":[{"taxonomy":"category","embeddable":true,"href":"https:\/\/www.criserb.com\/blog\/wp-json\/wp\/v2\/categories?post=33871"},{"taxonomy":"post_tag","embeddable":true,"href":"https:\/\/www.criserb.com\/blog\/wp-json\/wp\/v2\/tags?post=33871"}],"curies":[{"name":"wp","href":"https:\/\/api.w.org\/{rel}","templated":true}]}}