{"id":33907,"date":"2018-12-11T12:05:10","date_gmt":"2018-12-11T10:05:10","guid":{"rendered":"https:\/\/www.criserb.com\/blog\/?p=33907"},"modified":"2018-12-11T12:09:03","modified_gmt":"2018-12-11T10:09:03","slug":"unde-ati-mai-vazut-o-autostrada-sa-se-termine-asa","status":"publish","type":"post","link":"https:\/\/www.criserb.com\/blog\/unde-ati-mai-vazut-o-autostrada-sa-se-termine-asa\/","title":{"rendered":"Unde a\u021bi mai v\u0103zut o autostrad\u0103 s\u0103 se termine a\u0219a?"},"content":{"rendered":"<p>Numai mie mi se pare ciudat ca o autostrad\u0103 s\u0103 se termine a\u0219a?<\/p>\n<p><a href=\"https:\/\/www.criserb.com\/blog\/poze\/2018\/12\/autostrada.jpg\" data-lbwps-width=\"1642\" data-lbwps-height=\"877\" data-lbwps-srcsmall=\"https:\/\/www.criserb.com\/blog\/poze\/2018\/12\/autostrada.jpg\"><img loading=\"lazy\" decoding=\"async\" class=\"aligncenter size-full wp-image-33908\" src=\"https:\/\/www.criserb.com\/blog\/poze\/2018\/12\/autostrada.jpg\" alt=\"\" width=\"1642\" height=\"877\" \/><\/a><\/p>\n<p>Adic\u0103 brusc \u0219i dintr-o dat\u0103. Din 3 benzi pe ie\u0219ire, dup\u0103 intersec\u021bia semaforizat\u0103, probabil, s\u0103 avem o singur\u0103 band\u0103? V\u0103 da\u021bi seama ce nebunie o s\u0103 fie acolo?<\/p>\n<p>\u00cen rest&#8230; se pare c\u0103 vineri, 14 decembrie, o s\u0103 se deschid\u0103 \u0219i acest tronson de 6 km. Practic nu o s\u0103 se mai termine autostrada ce vine de la Ploie\u0219ti pe centur\u0103 acum o s\u0103 se termine \u00een \u0218oseaua Fabrica de Glucoz\u0103.<\/p>\n<p>Vede\u021bi \u0219i un video de ieri, 10 decembrie.<\/p>\n<div class=\"embed-responsive embed-responsive-16by9\"><iframe loading=\"lazy\" title=\"Autostrada A3 Bucure\u0219ti-Voluntari - 10 decembrie 2018\" width=\"500\" height=\"281\" src=\"https:\/\/www.youtube.com\/embed\/CLBiimjiex4?feature=oembed\" frameborder=\"0\" allow=\"accelerometer; autoplay; clipboard-write; encrypted-media; gyroscope; picture-in-picture; web-share\" referrerpolicy=\"strict-origin-when-cross-origin\" allowfullscreen><\/iframe><\/div>\n<p style=\"text-align: right;\"><a href=\"https:\/\/www.facebook.com\/buildingromania\/posts\/1464734183663875?__xts__[0]=68.ARANLkUNFfJLr0x0vjFa9BtUJWJUBPvmmPjAsKxtNjcM82bZH_vltrWlolynIfmUbTGCGTux6Wy4vM6uFjK_ghBoH1O2_FwtwVtxKy_gBh47maI9P105RL0QZnhiptppf9anRfsIn9wkyBxCZa-SrOmRNKGMhTjt_k_XmA4HzMc9Iw4WgqAk8ZpQCog_8uDhGisMZ5K16DKc6INhCT8E08wuJH_3TVRAKYcB62WrZ9Cpf-3KRVBreAMPUU_xjZxLwYMTGnJhA0bpRMDE_VEIttvbaxcftzdKw_wS93MMP9rTG2k0peQZwwyzgSNNbT5mNZtcAt2rZTUYQY_8Qlgs6sTNyw&amp;__tn__=-R\" target=\"_blank\" rel=\"noopener\">sursa<\/a><\/p>\n","protected":false},"excerpt":{"rendered":"<p>Numai mie mi se pare ciudat ca o autostrad\u0103 s\u0103 se termine a\u0219a? Adic\u0103 brusc \u0219i dintr-o dat\u0103. Din 3 benzi pe ie\u0219ire, dup\u0103 intersec\u021bia semaforizat\u0103, probabil, s\u0103 avem o singur\u0103 band\u0103? V\u0103 da\u021bi seama ce nebunie o s\u0103 fie acolo? \u00cen rest&#8230; se pare c\u0103 vineri, 14 decembrie, o s\u0103 se deschid\u0103 \u0219i acest&hellip;<\/p>\n","protected":false},"author":3,"featured_media":33908,"comment_status":"open","ping_status":"open","sticky":false,"template":"","format":"standard","meta":{"footnotes":""},"categories":[289],"tags":[7673,7674],"yoast_head":"<!-- This site is optimized with the Yoast SEO plugin v24.5 - https:\/\/yoast.com\/wordpress\/plugins\/seo\/ -->\n<title>Unde a\u021bi mai v\u0103zut o autostrad\u0103 s\u0103 se termine a\u0219a?<\/title>\n<meta name=\"robots\" content=\"index, follow, max-snippet:-1, max-image-preview:large, max-video-preview:-1\" \/>\n<link rel=\"canonical\" href=\"https:\/\/www.criserb.com\/blog\/unde-ati-mai-vazut-o-autostrada-sa-se-termine-asa\/\" \/>\n<meta name=\"twitter:label1\" content=\"Written by\" \/>\n\t<meta name=\"twitter:data1\" content=\"criserb\" \/>\n\t<meta name=\"twitter:label2\" content=\"Est. reading time\" \/>\n\t<meta name=\"twitter:data2\" content=\"1 minute\" \/>\n<script type=\"application\/ld+json\" class=\"yoast-schema-graph\">{\"@context\":\"https:\/\/schema.org\",\"@graph\":[{\"@type\":\"Article\",\"@id\":\"https:\/\/www.criserb.com\/blog\/unde-ati-mai-vazut-o-autostrada-sa-se-termine-asa\/#article\",\"isPartOf\":{\"@id\":\"https:\/\/www.criserb.com\/blog\/unde-ati-mai-vazut-o-autostrada-sa-se-termine-asa\/\"},\"author\":{\"name\":\"criserb\",\"@id\":\"https:\/\/www.criserb.com\/blog\/#\/schema\/person\/8df5199bda4e628c32a10f318d8602b5\"},\"headline\":\"Unde a\u021bi mai v\u0103zut o autostrad\u0103 s\u0103 se termine a\u0219a?\",\"datePublished\":\"2018-12-11T10:05:10+00:00\",\"dateModified\":\"2018-12-11T10:09:03+00:00\",\"mainEntityOfPage\":{\"@id\":\"https:\/\/www.criserb.com\/blog\/unde-ati-mai-vazut-o-autostrada-sa-se-termine-asa\/\"},\"wordCount\":115,\"commentCount\":15,\"publisher\":{\"@id\":\"https:\/\/www.criserb.com\/blog\/#\/schema\/person\/8df5199bda4e628c32a10f318d8602b5\"},\"image\":{\"@id\":\"https:\/\/www.criserb.com\/blog\/unde-ati-mai-vazut-o-autostrada-sa-se-termine-asa\/#primaryimage\"},\"thumbnailUrl\":\"https:\/\/www.criserb.com\/blog\/poze\/2018\/12\/autostrada.jpg\",\"keywords\":[\"Autostrada A3\",\"Fabrica de glucoz\u0103\"],\"articleSection\":[\"drumuri\"],\"inLanguage\":\"en-US\",\"potentialAction\":[{\"@type\":\"CommentAction\",\"name\":\"Comment\",\"target\":[\"https:\/\/www.criserb.com\/blog\/unde-ati-mai-vazut-o-autostrada-sa-se-termine-asa\/#respond\"]}]},{\"@type\":\"WebPage\",\"@id\":\"https:\/\/www.criserb.com\/blog\/unde-ati-mai-vazut-o-autostrada-sa-se-termine-asa\/\",\"url\":\"https:\/\/www.criserb.com\/blog\/unde-ati-mai-vazut-o-autostrada-sa-se-termine-asa\/\",\"name\":\"Unde a\u021bi mai v\u0103zut o autostrad\u0103 s\u0103 se termine a\u0219a?\",\"isPartOf\":{\"@id\":\"https:\/\/www.criserb.com\/blog\/#website\"},\"primaryImageOfPage\":{\"@id\":\"https:\/\/www.criserb.com\/blog\/unde-ati-mai-vazut-o-autostrada-sa-se-termine-asa\/#primaryimage\"},\"image\":{\"@id\":\"https:\/\/www.criserb.com\/blog\/unde-ati-mai-vazut-o-autostrada-sa-se-termine-asa\/#primaryimage\"},\"thumbnailUrl\":\"https:\/\/www.criserb.com\/blog\/poze\/2018\/12\/autostrada.jpg\",\"datePublished\":\"2018-12-11T10:05:10+00:00\",\"dateModified\":\"2018-12-11T10:09:03+00:00\",\"breadcrumb\":{\"@id\":\"https:\/\/www.criserb.com\/blog\/unde-ati-mai-vazut-o-autostrada-sa-se-termine-asa\/#breadcrumb\"},\"inLanguage\":\"en-US\",\"potentialAction\":[{\"@type\":\"ReadAction\",\"target\":[\"https:\/\/www.criserb.com\/blog\/unde-ati-mai-vazut-o-autostrada-sa-se-termine-asa\/\"]}]},{\"@type\":\"ImageObject\",\"inLanguage\":\"en-US\",\"@id\":\"https:\/\/www.criserb.com\/blog\/unde-ati-mai-vazut-o-autostrada-sa-se-termine-asa\/#primaryimage\",\"url\":\"https:\/\/www.criserb.com\/blog\/poze\/2018\/12\/autostrada.jpg\",\"contentUrl\":\"https:\/\/www.criserb.com\/blog\/poze\/2018\/12\/autostrada.jpg\",\"width\":1642,\"height\":877},{\"@type\":\"BreadcrumbList\",\"@id\":\"https:\/\/www.criserb.com\/blog\/unde-ati-mai-vazut-o-autostrada-sa-se-termine-asa\/#breadcrumb\",\"itemListElement\":[{\"@type\":\"ListItem\",\"position\":1,\"name\":\"Home\",\"item\":\"https:\/\/www.criserb.com\/blog\/\"},{\"@type\":\"ListItem\",\"position\":2,\"name\":\"Unde a\u021bi mai v\u0103zut o autostrad\u0103 s\u0103 se termine a\u0219a?\"}]},{\"@type\":\"WebSite\",\"@id\":\"https:\/\/www.criserb.com\/blog\/#website\",\"url\":\"https:\/\/www.criserb.com\/blog\/\",\"name\":\"criserb.com\",\"description\":\"Nimic ce merita citit :)\",\"publisher\":{\"@id\":\"https:\/\/www.criserb.com\/blog\/#\/schema\/person\/8df5199bda4e628c32a10f318d8602b5\"},\"potentialAction\":[{\"@type\":\"SearchAction\",\"target\":{\"@type\":\"EntryPoint\",\"urlTemplate\":\"https:\/\/www.criserb.com\/blog\/?s={search_term_string}\"},\"query-input\":{\"@type\":\"PropertyValueSpecification\",\"valueRequired\":true,\"valueName\":\"search_term_string\"}}],\"inLanguage\":\"en-US\"},{\"@type\":[\"Person\",\"Organization\"],\"@id\":\"https:\/\/www.criserb.com\/blog\/#\/schema\/person\/8df5199bda4e628c32a10f318d8602b5\",\"name\":\"criserb\",\"image\":{\"@type\":\"ImageObject\",\"inLanguage\":\"en-US\",\"@id\":\"https:\/\/www.criserb.com\/blog\/#\/schema\/person\/image\/\",\"url\":\"http:\/\/0.gravatar.com\/avatar\/fdb6cca710f39545f0c4b5b936c390b4?s=96&d=monsterid&r=pg\",\"contentUrl\":\"http:\/\/0.gravatar.com\/avatar\/fdb6cca710f39545f0c4b5b936c390b4?s=96&d=monsterid&r=pg\",\"caption\":\"criserb\"},\"logo\":{\"@id\":\"https:\/\/www.criserb.com\/blog\/#\/schema\/person\/image\/\"},\"sameAs\":[\"http:\/\/www.criserb.com\"],\"url\":\"https:\/\/www.criserb.com\/blog\/author\/criserb\/\"}]}<\/script>\n<!-- \/ Yoast SEO plugin. -->","yoast_head_json":{"title":"Unde a\u021bi mai v\u0103zut o autostrad\u0103 s\u0103 se termine a\u0219a?","robots":{"index":"index","follow":"follow","max-snippet":"max-snippet:-1","max-image-preview":"max-image-preview:large","max-video-preview":"max-video-preview:-1"},"canonical":"https:\/\/www.criserb.com\/blog\/unde-ati-mai-vazut-o-autostrada-sa-se-termine-asa\/","twitter_misc":{"Written by":"criserb","Est. reading time":"1 minute"},"schema":{"@context":"https:\/\/schema.org","@graph":[{"@type":"Article","@id":"https:\/\/www.criserb.com\/blog\/unde-ati-mai-vazut-o-autostrada-sa-se-termine-asa\/#article","isPartOf":{"@id":"https:\/\/www.criserb.com\/blog\/unde-ati-mai-vazut-o-autostrada-sa-se-termine-asa\/"},"author":{"name":"criserb","@id":"https:\/\/www.criserb.com\/blog\/#\/schema\/person\/8df5199bda4e628c32a10f318d8602b5"},"headline":"Unde a\u021bi mai v\u0103zut o autostrad\u0103 s\u0103 se termine a\u0219a?","datePublished":"2018-12-11T10:05:10+00:00","dateModified":"2018-12-11T10:09:03+00:00","mainEntityOfPage":{"@id":"https:\/\/www.criserb.com\/blog\/unde-ati-mai-vazut-o-autostrada-sa-se-termine-asa\/"},"wordCount":115,"commentCount":15,"publisher":{"@id":"https:\/\/www.criserb.com\/blog\/#\/schema\/person\/8df5199bda4e628c32a10f318d8602b5"},"image":{"@id":"https:\/\/www.criserb.com\/blog\/unde-ati-mai-vazut-o-autostrada-sa-se-termine-asa\/#primaryimage"},"thumbnailUrl":"https:\/\/www.criserb.com\/blog\/poze\/2018\/12\/autostrada.jpg","keywords":["Autostrada A3","Fabrica de glucoz\u0103"],"articleSection":["drumuri"],"inLanguage":"en-US","potentialAction":[{"@type":"CommentAction","name":"Comment","target":["https:\/\/www.criserb.com\/blog\/unde-ati-mai-vazut-o-autostrada-sa-se-termine-asa\/#respond"]}]},{"@type":"WebPage","@id":"https:\/\/www.criserb.com\/blog\/unde-ati-mai-vazut-o-autostrada-sa-se-termine-asa\/","url":"https:\/\/www.criserb.com\/blog\/unde-ati-mai-vazut-o-autostrada-sa-se-termine-asa\/","name":"Unde a\u021bi mai v\u0103zut o autostrad\u0103 s\u0103 se termine a\u0219a?","isPartOf":{"@id":"https:\/\/www.criserb.com\/blog\/#website"},"primaryImageOfPage":{"@id":"https:\/\/www.criserb.com\/blog\/unde-ati-mai-vazut-o-autostrada-sa-se-termine-asa\/#primaryimage"},"image":{"@id":"https:\/\/www.criserb.com\/blog\/unde-ati-mai-vazut-o-autostrada-sa-se-termine-asa\/#primaryimage"},"thumbnailUrl":"https:\/\/www.criserb.com\/blog\/poze\/2018\/12\/autostrada.jpg","datePublished":"2018-12-11T10:05:10+00:00","dateModified":"2018-12-11T10:09:03+00:00","breadcrumb":{"@id":"https:\/\/www.criserb.com\/blog\/unde-ati-mai-vazut-o-autostrada-sa-se-termine-asa\/#breadcrumb"},"inLanguage":"en-US","potentialAction":[{"@type":"ReadAction","target":["https:\/\/www.criserb.com\/blog\/unde-ati-mai-vazut-o-autostrada-sa-se-termine-asa\/"]}]},{"@type":"ImageObject","inLanguage":"en-US","@id":"https:\/\/www.criserb.com\/blog\/unde-ati-mai-vazut-o-autostrada-sa-se-termine-asa\/#primaryimage","url":"https:\/\/www.criserb.com\/blog\/poze\/2018\/12\/autostrada.jpg","contentUrl":"https:\/\/www.criserb.com\/blog\/poze\/2018\/12\/autostrada.jpg","width":1642,"height":877},{"@type":"BreadcrumbList","@id":"https:\/\/www.criserb.com\/blog\/unde-ati-mai-vazut-o-autostrada-sa-se-termine-asa\/#breadcrumb","itemListElement":[{"@type":"ListItem","position":1,"name":"Home","item":"https:\/\/www.criserb.com\/blog\/"},{"@type":"ListItem","position":2,"name":"Unde a\u021bi mai v\u0103zut o autostrad\u0103 s\u0103 se termine a\u0219a?"}]},{"@type":"WebSite","@id":"https:\/\/www.criserb.com\/blog\/#website","url":"https:\/\/www.criserb.com\/blog\/","name":"criserb.com","description":"Nimic ce merita citit :)","publisher":{"@id":"https:\/\/www.criserb.com\/blog\/#\/schema\/person\/8df5199bda4e628c32a10f318d8602b5"},"potentialAction":[{"@type":"SearchAction","target":{"@type":"EntryPoint","urlTemplate":"https:\/\/www.criserb.com\/blog\/?s={search_term_string}"},"query-input":{"@type":"PropertyValueSpecification","valueRequired":true,"valueName":"search_term_string"}}],"inLanguage":"en-US"},{"@type":["Person","Organization"],"@id":"https:\/\/www.criserb.com\/blog\/#\/schema\/person\/8df5199bda4e628c32a10f318d8602b5","name":"criserb","image":{"@type":"ImageObject","inLanguage":"en-US","@id":"https:\/\/www.criserb.com\/blog\/#\/schema\/person\/image\/","url":"http:\/\/0.gravatar.com\/avatar\/fdb6cca710f39545f0c4b5b936c390b4?s=96&d=monsterid&r=pg","contentUrl":"http:\/\/0.gravatar.com\/avatar\/fdb6cca710f39545f0c4b5b936c390b4?s=96&d=monsterid&r=pg","caption":"criserb"},"logo":{"@id":"https:\/\/www.criserb.com\/blog\/#\/schema\/person\/image\/"},"sameAs":["http:\/\/www.criserb.com"],"url":"https:\/\/www.criserb.com\/blog\/author\/criserb\/"}]}},"_links":{"self":[{"href":"https:\/\/www.criserb.com\/blog\/wp-json\/wp\/v2\/posts\/33907"}],"collection":[{"href":"https:\/\/www.criserb.com\/blog\/wp-json\/wp\/v2\/posts"}],"about":[{"href":"https:\/\/www.criserb.com\/blog\/wp-json\/wp\/v2\/types\/post"}],"author":[{"embeddable":true,"href":"https:\/\/www.criserb.com\/blog\/wp-json\/wp\/v2\/users\/3"}],"replies":[{"embeddable":true,"href":"https:\/\/www.criserb.com\/blog\/wp-json\/wp\/v2\/comments?post=33907"}],"version-history":[{"count":0,"href":"https:\/\/www.criserb.com\/blog\/wp-json\/wp\/v2\/posts\/33907\/revisions"}],"wp:featuredmedia":[{"embeddable":true,"href":"https:\/\/www.criserb.com\/blog\/wp-json\/wp\/v2\/media\/33908"}],"wp:attachment":[{"href":"https:\/\/www.criserb.com\/blog\/wp-json\/wp\/v2\/media?parent=33907"}],"wp:term":[{"taxonomy":"category","embeddable":true,"href":"https:\/\/www.criserb.com\/blog\/wp-json\/wp\/v2\/categories?post=33907"},{"taxonomy":"post_tag","embeddable":true,"href":"https:\/\/www.criserb.com\/blog\/wp-json\/wp\/v2\/tags?post=33907"}],"curies":[{"name":"wp","href":"https:\/\/api.w.org\/{rel}","templated":true}]}}