{"id":34026,"date":"2019-04-10T14:28:15","date_gmt":"2019-04-10T11:28:15","guid":{"rendered":"https:\/\/www.criserb.com\/blog\/?p=34026"},"modified":"2019-04-10T15:59:06","modified_gmt":"2019-04-10T12:59:06","slug":"primul-concediu-cu-copilul-la-schi","status":"publish","type":"post","link":"https:\/\/www.criserb.com\/blog\/primul-concediu-cu-copilul-la-schi\/","title":{"rendered":"Primul concediu cu copilul la schi"},"content":{"rendered":"\n<p>Au trecut 5 ani de c\u00e2nd nu am mai fost la schi pentru c\u0103 am considerat c\u0103 e prea mic copilul. Acu&#8217; c\u0103 a f\u0103cut 4 ani am zis s\u0103 ne relu\u0103m obiceiurile \u0219i am decis s\u0103 mergem la schi \u00een Austria, a\u0219a cum f\u0103ceam \u00eenainte s\u0103 apar\u0103 el. <\/p>\n\n\n\n<p>Ne-am suit \u00een ma\u0219in\u0103 \u0219i du\u0219i am fost. Prima oprire a fost la Szeged, c\u0103 deh, \u00een Timi\u0219oara era prea scump\u0103 cazarea \u0219i atunci am c\u0103utat ceva mai ok la prietenii unguri. La ei am avut de unde alege. <\/p>\n\n\n\n<p>Cu toate c\u0103 am trecut prin Seged de N ori, nu am oprit niciodat\u0103 p\u00e2n\u0103 acum. R\u0103u am f\u0103cut. Segedul este un ora\u0219 frumos ce merit\u0103 vizitat. <\/p>\n\n\n\n<figure class=\"wp-block-image\"><a href=\"https:\/\/www.criserb.com\/blog\/poze\/2019\/04\/20190323_184953.jpg\" data-lbwps-width=\"1380\" data-lbwps-height=\"1035\" data-lbwps-srcsmall=\"https:\/\/www.criserb.com\/blog\/poze\/2019\/04\/20190323_184953.jpg\"><img loading=\"lazy\" decoding=\"async\" width=\"1380\" height=\"1035\" src=\"https:\/\/www.criserb.com\/blog\/poze\/2019\/04\/20190323_184953.jpg\" alt=\"\" class=\"wp-image-34012\"\/><\/a><\/figure>\n\n\n\n<p>Am vizitat ce am putut prin centrul vechi, am m\u00e2ncat la un restaurant foarte mi\u0219to \u0219i ne-am culcat. <\/p>\n\n\n\n<p>A doua zi am plecat spre Viena. \u00cen drum am oprit juma&#8217; de or\u0103 \u00een Budapesta, s\u0103-i ar\u0103t copilului podul cu lei.<\/p>\n\n\n\n<figure class=\"wp-block-image\"><a href=\"https:\/\/www.criserb.com\/blog\/poze\/2019\/04\/20190324_120224.jpg\" data-lbwps-width=\"1379\" data-lbwps-height=\"1035\" data-lbwps-srcsmall=\"https:\/\/www.criserb.com\/blog\/poze\/2019\/04\/20190324_120224.jpg\"><img loading=\"lazy\" decoding=\"async\" width=\"1379\" height=\"1035\" src=\"https:\/\/www.criserb.com\/blog\/poze\/2019\/04\/20190324_120224.jpg\" alt=\"\" class=\"wp-image-34013\"\/><\/a><\/figure>\n\n\n\n<p>I-am ar\u0103tat, am f\u0103cut ni\u0219te poze \u0219i am plecat mai departe. <\/p>\n\n\n\n<p>Ajun\u0219i la Viena ne-am oprit direct \u00een Prater \u0219i \u00een parcul de l\u00e2ng\u0103. Am m\u00e2ncat ceva light \u0219i ne-am distrat prin parc.<\/p>\n\n\n\n<figure class=\"wp-block-image\"><img loading=\"lazy\" decoding=\"async\" width=\"1363\" height=\"1034\" src=\"https:\/\/www.criserb.com\/blog\/poze\/2019\/04\/20190324_173037.jpg\" alt=\"\" class=\"wp-image-34014\"\/><\/figure>\n\n\n\n<p>I-a pl\u0103cut maxim. A zis c\u0103 mai vrea \u00een parcul \u0103la c\u0103-i tare frumos :)<\/p>\n\n\n\n<p>A doua zi o aveam programat\u0103 pentru <a rel=\"noreferrer noopener\" aria-label=\"zoo Sch\u00f6nbrunn (opens in a new tab)\" href=\"https:\/\/www.zoovienna.at\/ro\/\" target=\"_blank\">zoo Sch\u00f6nbrunn<\/a>, probabil cea mai mi\u0219to gr\u0103din\u0103 zoologic\u0103 v\u0103zut\u0103 de noi. I-a pl\u0103cut copilului, v\u0103 da\u021bi seama, am stat pe acolo cam juma&#8217; de zi \u0219i dac\u0103 nu eram rup\u021bi de picioare probabil mai st\u0103team.<\/p>\n\n\n\n<figure class=\"wp-block-image\"><img loading=\"lazy\" decoding=\"async\" width=\"1380\" height=\"1035\" src=\"https:\/\/www.criserb.com\/blog\/poze\/2019\/04\/20190325_1200100.jpg\" alt=\"\" class=\"wp-image-34015\"\/><\/figure>\n\n\n\n<p>De m\u00e2ncat am m\u00e2ncat pe unde am apucat, pe la tot felul de restaurante \u0219i ne-a pl\u0103cut. Mai pu\u021bin faptul c\u0103 nu g\u0103sea fii-miu ciorbe. I-am explicat c\u0103 ei nu prea au \u0219i cu greu a reusit s\u0103 \u00een\u021beleag\u0103 cum c\u0103 ciorba nu-i o m\u00e2ncare pe care s\u0103 o g\u0103seasc\u0103 peste tot.<\/p>\n\n\n\n<p>\u00cen schimb a m\u00e2ncat tone de \u00eenghe\u021bat\u0103, \u00een locul ciorbei, iar noi \u00eencercam tot felul de meniuri locale pe care nu le-am mai m\u00e2ncat p\u00e2n\u0103 acum.<\/p>\n\n\n\n<figure class=\"wp-block-image\"><a href=\"https:\/\/www.criserb.com\/blog\/poze\/2019\/04\/20190325_154554.jpg\" data-lbwps-width=\"1380\" data-lbwps-height=\"1035\" data-lbwps-srcsmall=\"https:\/\/www.criserb.com\/blog\/poze\/2019\/04\/20190325_154554.jpg\"><img loading=\"lazy\" decoding=\"async\" width=\"1380\" height=\"1035\" src=\"https:\/\/www.criserb.com\/blog\/poze\/2019\/04\/20190325_154554.jpg\" alt=\"\" class=\"wp-image-34016\"\/><\/a><\/figure>\n\n\n\n<p>La Viena am mai vizitat muzeul tehnic, am zis c\u0103 o s\u0103-i plac\u0103 copilului, dar nu a fost chiar a\u0219a. Au fost chestii la care am stat mult \u0219i i-au pl\u0103cut, \u00een general cele la care putea s\u0103 apese pe butoane \u0219i s\u0103 se \u00eent\u00e2mple ceva, iar la altele nu avea r\u0103bdare. Probabil o s\u0103 revenim c\u00e2nd mai cre\u0219te.<\/p>\n\n\n\n<p>De la Viena am plecat la Kaprun, loc pe care-l \u0219tim destul de bine, \u00een \u00eencercarea de a \u00eenv\u0103\u021ba copilul s\u0103 se dea cu schiurile.<\/p>\n\n\n\n<figure class=\"wp-block-image\"><a href=\"https:\/\/www.criserb.com\/blog\/poze\/2019\/04\/20190327_111518.jpg\" data-lbwps-width=\"1380\" data-lbwps-height=\"1035\" data-lbwps-srcsmall=\"https:\/\/www.criserb.com\/blog\/poze\/2019\/04\/20190327_111518.jpg\"><img loading=\"lazy\" decoding=\"async\" width=\"1380\" height=\"1035\" src=\"https:\/\/www.criserb.com\/blog\/poze\/2019\/04\/20190327_111518.jpg\" alt=\"\" class=\"wp-image-34017\"\/><\/a><\/figure>\n\n\n\n<p>Am cam gre\u0219it. Pe o \u0219edin\u021b\u0103 de schi am dat 150\u20ac \u0219i apoi ne-am dat seama c\u0103 ne-ar trebui vreo 2000\u20ac ca s\u0103 \u00eenve\u021be copilul s\u0103 schieze. O s\u0103-l \u00eenv\u0103\u021b\u0103m \u00een \u021bar\u0103 \u0219i o s\u0103 ne \u00eentoarcem cu el \u00eenv\u0103\u021bat. <\/p>\n\n\n\n<p>Partea bun\u0103 este c\u0103 nu s-a speriat, c\u0103-i place pe schiuri \u0219i c\u0103 vrea. <\/p>\n\n\n\n<p>Noi am schiat prea pu\u021bin, eu am urcat dou\u0103 zile \u0219i Dana nu \u0219i-a pus deloc placa \u00een picioare cu toate c\u0103 o aveam la noi. <\/p>\n\n\n\n<p>Vremea a fost superb\u0103, cu ceva excep\u021bii. Mul\u021bi mi-au zis c\u0103 nu o s\u0103 mai g\u0103sesc z\u0103pad\u0103, s\u0103 nu m\u0103 duc \u00een perioada asta, dar se pare c\u0103 s-au \u00een\u0219elat.<\/p>\n\n\n\n<ul class=\"wp-block-gallery columns-3 is-cropped wp-block-gallery-1 is-layout-flex wp-block-gallery-is-layout-flex\"><li class=\"blocks-gallery-item\"><figure><img loading=\"lazy\" decoding=\"async\" width=\"1380\" height=\"1035\" src=\"https:\/\/www.criserb.com\/blog\/poze\/2019\/04\/20190328_113524.jpg\" alt=\"\" data-id=\"34020\" data-link=\"https:\/\/www.criserb.com\/blog\/?attachment_id=34020\" class=\"wp-image-34020\"\/><\/figure><\/li><li class=\"blocks-gallery-item\"><figure><img loading=\"lazy\" decoding=\"async\" width=\"1380\" height=\"1035\" src=\"https:\/\/www.criserb.com\/blog\/poze\/2019\/04\/20190328_113559.jpg\" alt=\"\" data-id=\"34021\" data-link=\"https:\/\/www.criserb.com\/blog\/?attachment_id=34021\" class=\"wp-image-34021\"\/><\/figure><\/li><li class=\"blocks-gallery-item\"><figure><img loading=\"lazy\" decoding=\"async\" width=\"1380\" height=\"1035\" src=\"https:\/\/www.criserb.com\/blog\/poze\/2019\/04\/20190328_112220.jpg\" alt=\"\" data-id=\"34018\" data-link=\"https:\/\/www.criserb.com\/blog\/?attachment_id=34018\" class=\"wp-image-34018\"\/><\/figure><\/li><li class=\"blocks-gallery-item\"><figure><img loading=\"lazy\" decoding=\"async\" width=\"1380\" height=\"1035\" src=\"https:\/\/www.criserb.com\/blog\/poze\/2019\/04\/20190328_112215.jpg\" alt=\"\" data-id=\"34019\" data-link=\"https:\/\/www.criserb.com\/blog\/?attachment_id=34019\" class=\"wp-image-34019\"\/><\/figure><\/li><\/ul>\n\n\n\n<p>\u00cen rest ne-am plimbat, am fost \u00een tot felul de locuri, l-am dus pe fii-miu s\u0103 vad\u0103 tot felul de lucruri interesante. <\/p>\n\n\n\n<p>Am nimerit \u0219i <a rel=\"noreferrer noopener\" aria-label=\"House der natur (opens in a new tab)\" href=\"https:\/\/www.hausdernatur.at\/de\/startseite.html\" target=\"_blank\">House der natur<\/a> la Salzburg \u0219i \u0103la i-a pl\u0103cut maxim. Eu a\u0219 spune c\u0103-i despre \u0219tiin\u021b\u0103 \u0219i natur\u0103, dar v\u0103d c\u0103 ei zic c\u0103-i &#8220;casa naturii&#8221;.<\/p>\n\n\n\n<figure class=\"wp-block-image\"><a href=\"https:\/\/www.criserb.com\/blog\/poze\/2019\/04\/20190330_142206.jpg\" data-lbwps-width=\"1380\" data-lbwps-height=\"1035\" data-lbwps-srcsmall=\"https:\/\/www.criserb.com\/blog\/poze\/2019\/04\/20190330_142206.jpg\"><img loading=\"lazy\" decoding=\"async\" width=\"1380\" height=\"1035\" src=\"https:\/\/www.criserb.com\/blog\/poze\/2019\/04\/20190330_142206.jpg\" alt=\"\" class=\"wp-image-34027\"\/><\/a><\/figure>\n\n\n\n<figure class=\"wp-block-image\"><a href=\"https:\/\/www.criserb.com\/blog\/poze\/2019\/04\/20190330_144808.jpg\" data-lbwps-width=\"1380\" data-lbwps-height=\"1035\" data-lbwps-srcsmall=\"https:\/\/www.criserb.com\/blog\/poze\/2019\/04\/20190330_144808.jpg\"><img loading=\"lazy\" decoding=\"async\" width=\"1380\" height=\"1035\" src=\"https:\/\/www.criserb.com\/blog\/poze\/2019\/04\/20190330_144808.jpg\" alt=\"\" class=\"wp-image-34028\"\/><\/a><\/figure>\n\n\n\n<p>Acolo a \u00een\u021beles multe lucruri pe care p\u00e2n\u0103 acum probabil doar \u0219i le imagina sau nu avea o explica\u021bie clar\u0103 pentru ele. E un muzeu la care se poate merge lini\u0219tit cu copilul mic, este f\u0103cut special pentru ei. <\/p>\n\n\n\n<p>Ne-a pl\u0103cut \u0219i nou\u0103, am experimentat pe acolo tot felul de chestii. E genul \u0103la de muzeu cu multe butoane pe care ape\u0219i \u0219i vezi ce se \u00eent\u00e2mpl\u0103. Ai ce face, nu o s\u0103 v\u0103 plictisi\u021bi. <\/p>\n\n\n\n<p>Tot \u00een Salzburg am ajuns la Hangar 7, este un fel de muzeu Redbull. O gr\u0103mad\u0103 de ma\u0219in\u0103rii  interesante pentru copii. <\/p>\n\n\n\n<figure class=\"wp-block-image\"><a href=\"https:\/\/www.criserb.com\/blog\/poze\/2019\/04\/20190330_164224.jpg\" data-lbwps-width=\"1380\" data-lbwps-height=\"1035\" data-lbwps-srcsmall=\"https:\/\/www.criserb.com\/blog\/poze\/2019\/04\/20190330_164224.jpg\"><img loading=\"lazy\" decoding=\"async\" width=\"1380\" height=\"1035\" src=\"https:\/\/www.criserb.com\/blog\/poze\/2019\/04\/20190330_164224.jpg\" alt=\"\" class=\"wp-image-34029\"\/><\/a><\/figure>\n\n\n\n<p>Am ajuns \u0219i \u00een Mittersill undeam hr\u0103nit ra\u021be \u0219i ne-am plimbat prin parc. <\/p>\n\n\n\n<figure class=\"wp-block-image\"><a href=\"https:\/\/www.criserb.com\/blog\/poze\/2019\/04\/55845518_10157170307434886_824299915973754880_o.jpg\" data-lbwps-width=\"1991\" data-lbwps-height=\"1991\" data-lbwps-srcsmall=\"https:\/\/www.criserb.com\/blog\/poze\/2019\/04\/55845518_10157170307434886_824299915973754880_o.jpg\"><img loading=\"lazy\" decoding=\"async\" width=\"1991\" height=\"1991\" src=\"https:\/\/www.criserb.com\/blog\/poze\/2019\/04\/55845518_10157170307434886_824299915973754880_o.jpg\" alt=\"\" class=\"wp-image-34030\"\/><\/a><\/figure>\n\n\n\n<p>Partea mi\u0219to la parcurile \u0103stora este c\u0103 peste tot ai locuri special amenajate pentru copii, cu tot felul de chestii se distreaz\u0103 maxim \u0103\u0219tia micii, cu greu \u00eei mai iei de acolo.<\/p>\n\n\n\n<p>Mai jos ave\u021bi un exemplu de excavator din Zell am see, dar peste tot, \u00een orice parc g\u0103se\u0219ti ceva pentru copii.<\/p>\n\n\n\n<figure class=\"wp-block-image\"><a href=\"https:\/\/www.criserb.com\/blog\/poze\/2019\/04\/20190329_100940.jpg\" data-lbwps-width=\"1380\" data-lbwps-height=\"1035\" data-lbwps-srcsmall=\"https:\/\/www.criserb.com\/blog\/poze\/2019\/04\/20190329_100940.jpg\"><img loading=\"lazy\" decoding=\"async\" width=\"1380\" height=\"1035\" src=\"https:\/\/www.criserb.com\/blog\/poze\/2019\/04\/20190329_100940.jpg\" alt=\"\" class=\"wp-image-34031\"\/><\/a><\/figure>\n\n\n\n<p>\u00centr-o sear\u0103 am ajuns \u0219i la <a rel=\"noreferrer noopener\" aria-label=\"Tauren Spa (opens in a new tab)\" href=\"https:\/\/www.tauernspakaprun.com\/en\" target=\"_blank\">Tauren Spa<\/a>. Frumos \u0219i acolo.<\/p>\n\n\n\n<figure class=\"wp-block-image\"><a href=\"https:\/\/www.criserb.com\/blog\/poze\/2019\/04\/55887630_10157170848099886_2093366385760534528_o.jpg\" data-lbwps-width=\"1248\" data-lbwps-height=\"938\" data-lbwps-srcsmall=\"https:\/\/www.criserb.com\/blog\/poze\/2019\/04\/55887630_10157170848099886_2093366385760534528_o.jpg\"><img loading=\"lazy\" decoding=\"async\" width=\"1248\" height=\"938\" src=\"https:\/\/www.criserb.com\/blog\/poze\/2019\/04\/55887630_10157170848099886_2093366385760534528_o.jpg\" alt=\"\" class=\"wp-image-34032\"\/><\/a><\/figure>\n\n\n\n<p><\/p>\n\n\n\n<p>\u00cen general am fost prin locuri prin care am mai fost, \u0219tiam ce se poate face pe acolo, doar c\u0103 de data asta ne-am axat pe ceea ce i-ar pl\u0103cea copilului. Am vrut s\u0103-l duc \u0219i la Mozart, dar nu p\u0103rea c\u0103-l intereseaz\u0103 :)<\/p>\n\n\n\n<p>\u0218i acum <strong>c\u00e2teva concluzii<\/strong>.copilul suport\u0103 foarte bine drumul, nu-i nicio problem\u0103 pentru el s\u0103 stea ore la r\u00e2nd \u00een ma\u0219in\u0103 at\u00e2ta timp c\u00e2t mai opre\u0219ti din c\u00e2nd \u00een c\u00e2nd s\u0103 se dezmor\u021beasc\u0103 sau chiar s\u0103 se joace.<\/p>\n\n\n\n<figure class=\"wp-block-image\"><a href=\"https:\/\/www.criserb.com\/blog\/poze\/2019\/04\/20190401_173200.jpg\" data-lbwps-width=\"1380\" data-lbwps-height=\"1035\" data-lbwps-srcsmall=\"https:\/\/www.criserb.com\/blog\/poze\/2019\/04\/20190401_173200.jpg\"><img loading=\"lazy\" decoding=\"async\" width=\"1380\" height=\"1035\" src=\"https:\/\/www.criserb.com\/blog\/poze\/2019\/04\/20190401_173200.jpg\" alt=\"\" class=\"wp-image-34033\"\/><\/a><\/figure>\n\n\n\n<p>Copilul tre&#8217; luat \u00een calcul atunci c\u00e2nd v\u0103 faceti bugetul pentru o astfel de excursie. De\u0219i la prima vedere el are tot felul de intr\u0103ri gratuite \u00een realitate copilul o s\u0103 consume destul de mult, deci trebuie luat \u00een calcul :)<\/p>\n\n\n\n<p>F\u0103r\u0103 s\u0103-i spunem \u0219i-a dat singur seama ce \u00eenseamn\u0103 o \u021bar\u0103 civilizat\u0103. A v\u0103zut ce \u00eenseamn\u0103 autostr\u0103zi \u0219i &#8220;ce bine c\u0103 am intrat pe autostrad\u0103 c\u0103 mergem repede&#8221; sau &#8220;ce mi\u0219to sunt b\u0103ile (publice) aici, acas\u0103 de ce nu putem avea a\u0219a?&#8221;. <\/p>\n\n\n\n<p><strong>Programul copilului?<\/strong> Nu prea a mai existat. I l-am dat de tot peste cap, dar nu-i o problem\u0103, \u0219i-a revenit din prima zi cum am ajuns acas\u0103.<\/p>\n\n\n\n<p>Avem nevoie de o camer\u0103 mai mare ca \u00eenainte? Nu, ne-am descurcat \u0219i cu un pat dublu. Deocamdat\u0103. (chiar dac\u0103 ne-a dat picioare \u00een cap toat\u0103 noaptea)<\/p>\n\n\n\n<p><strong>O s\u0103 mai mergem? <\/strong> Cu siguran\u021ba da \u0219i cu siguran\u021b\u0103 mai des. O s\u0103 ne relu\u0103m obiceiul cu un concediu iarna pe undeva \u0219i unul vara, iar printre ele o s\u0103 strecur\u0103m \u0219i altele mai m\u0103runte. <\/p>\n","protected":false},"excerpt":{"rendered":"<p>Au trecut 5 ani de c\u00e2nd nu am mai fost la schi pentru c\u0103 am considerat c\u0103 e prea mic copilul. Acu&#8217; c\u0103 a f\u0103cut 4 ani am zis s\u0103 ne relu\u0103m obiceiurile \u0219i am decis s\u0103 mergem la schi \u00een Austria, a\u0219a cum f\u0103ceam \u00eenainte s\u0103 apar\u0103 el. Ne-am suit \u00een ma\u0219in\u0103 \u0219i du\u0219i&hellip;<\/p>\n","protected":false},"author":3,"featured_media":34031,"comment_status":"open","ping_status":"open","sticky":false,"template":"","format":"standard","meta":{"footnotes":""},"categories":[59],"tags":[],"yoast_head":"<!-- This site is optimized with the Yoast SEO plugin v24.5 - https:\/\/yoast.com\/wordpress\/plugins\/seo\/ -->\n<title>Primul concediu cu copilul la schi<\/title>\n<meta name=\"robots\" content=\"index, follow, max-snippet:-1, max-image-preview:large, max-video-preview:-1\" \/>\n<link rel=\"canonical\" href=\"https:\/\/www.criserb.com\/blog\/primul-concediu-cu-copilul-la-schi\/\" \/>\n<meta name=\"twitter:label1\" content=\"Written by\" \/>\n\t<meta name=\"twitter:data1\" content=\"criserb\" \/>\n\t<meta name=\"twitter:label2\" content=\"Est. reading time\" \/>\n\t<meta name=\"twitter:data2\" content=\"6 minutes\" \/>\n<script type=\"application\/ld+json\" class=\"yoast-schema-graph\">{\"@context\":\"https:\/\/schema.org\",\"@graph\":[{\"@type\":\"Article\",\"@id\":\"https:\/\/www.criserb.com\/blog\/primul-concediu-cu-copilul-la-schi\/#article\",\"isPartOf\":{\"@id\":\"https:\/\/www.criserb.com\/blog\/primul-concediu-cu-copilul-la-schi\/\"},\"author\":{\"name\":\"criserb\",\"@id\":\"https:\/\/www.criserb.com\/blog\/#\/schema\/person\/8df5199bda4e628c32a10f318d8602b5\"},\"headline\":\"Primul concediu cu copilul la schi\",\"datePublished\":\"2019-04-10T11:28:15+00:00\",\"dateModified\":\"2019-04-10T12:59:06+00:00\",\"mainEntityOfPage\":{\"@id\":\"https:\/\/www.criserb.com\/blog\/primul-concediu-cu-copilul-la-schi\/\"},\"wordCount\":1107,\"commentCount\":0,\"publisher\":{\"@id\":\"https:\/\/www.criserb.com\/blog\/#\/schema\/person\/8df5199bda4e628c32a10f318d8602b5\"},\"image\":{\"@id\":\"https:\/\/www.criserb.com\/blog\/primul-concediu-cu-copilul-la-schi\/#primaryimage\"},\"thumbnailUrl\":\"https:\/\/www.criserb.com\/blog\/poze\/2019\/04\/20190329_100940.jpg\",\"articleSection\":[\"Concediu\"],\"inLanguage\":\"en-US\",\"potentialAction\":[{\"@type\":\"CommentAction\",\"name\":\"Comment\",\"target\":[\"https:\/\/www.criserb.com\/blog\/primul-concediu-cu-copilul-la-schi\/#respond\"]}]},{\"@type\":\"WebPage\",\"@id\":\"https:\/\/www.criserb.com\/blog\/primul-concediu-cu-copilul-la-schi\/\",\"url\":\"https:\/\/www.criserb.com\/blog\/primul-concediu-cu-copilul-la-schi\/\",\"name\":\"Primul concediu cu copilul la schi\",\"isPartOf\":{\"@id\":\"https:\/\/www.criserb.com\/blog\/#website\"},\"primaryImageOfPage\":{\"@id\":\"https:\/\/www.criserb.com\/blog\/primul-concediu-cu-copilul-la-schi\/#primaryimage\"},\"image\":{\"@id\":\"https:\/\/www.criserb.com\/blog\/primul-concediu-cu-copilul-la-schi\/#primaryimage\"},\"thumbnailUrl\":\"https:\/\/www.criserb.com\/blog\/poze\/2019\/04\/20190329_100940.jpg\",\"datePublished\":\"2019-04-10T11:28:15+00:00\",\"dateModified\":\"2019-04-10T12:59:06+00:00\",\"breadcrumb\":{\"@id\":\"https:\/\/www.criserb.com\/blog\/primul-concediu-cu-copilul-la-schi\/#breadcrumb\"},\"inLanguage\":\"en-US\",\"potentialAction\":[{\"@type\":\"ReadAction\",\"target\":[\"https:\/\/www.criserb.com\/blog\/primul-concediu-cu-copilul-la-schi\/\"]}]},{\"@type\":\"ImageObject\",\"inLanguage\":\"en-US\",\"@id\":\"https:\/\/www.criserb.com\/blog\/primul-concediu-cu-copilul-la-schi\/#primaryimage\",\"url\":\"https:\/\/www.criserb.com\/blog\/poze\/2019\/04\/20190329_100940.jpg\",\"contentUrl\":\"https:\/\/www.criserb.com\/blog\/poze\/2019\/04\/20190329_100940.jpg\",\"width\":1380,\"height\":1035},{\"@type\":\"BreadcrumbList\",\"@id\":\"https:\/\/www.criserb.com\/blog\/primul-concediu-cu-copilul-la-schi\/#breadcrumb\",\"itemListElement\":[{\"@type\":\"ListItem\",\"position\":1,\"name\":\"Home\",\"item\":\"https:\/\/www.criserb.com\/blog\/\"},{\"@type\":\"ListItem\",\"position\":2,\"name\":\"Primul concediu cu copilul la schi\"}]},{\"@type\":\"WebSite\",\"@id\":\"https:\/\/www.criserb.com\/blog\/#website\",\"url\":\"https:\/\/www.criserb.com\/blog\/\",\"name\":\"criserb.com\",\"description\":\"Nimic ce merita citit :)\",\"publisher\":{\"@id\":\"https:\/\/www.criserb.com\/blog\/#\/schema\/person\/8df5199bda4e628c32a10f318d8602b5\"},\"potentialAction\":[{\"@type\":\"SearchAction\",\"target\":{\"@type\":\"EntryPoint\",\"urlTemplate\":\"https:\/\/www.criserb.com\/blog\/?s={search_term_string}\"},\"query-input\":{\"@type\":\"PropertyValueSpecification\",\"valueRequired\":true,\"valueName\":\"search_term_string\"}}],\"inLanguage\":\"en-US\"},{\"@type\":[\"Person\",\"Organization\"],\"@id\":\"https:\/\/www.criserb.com\/blog\/#\/schema\/person\/8df5199bda4e628c32a10f318d8602b5\",\"name\":\"criserb\",\"image\":{\"@type\":\"ImageObject\",\"inLanguage\":\"en-US\",\"@id\":\"https:\/\/www.criserb.com\/blog\/#\/schema\/person\/image\/\",\"url\":\"http:\/\/0.gravatar.com\/avatar\/fdb6cca710f39545f0c4b5b936c390b4?s=96&d=monsterid&r=pg\",\"contentUrl\":\"http:\/\/0.gravatar.com\/avatar\/fdb6cca710f39545f0c4b5b936c390b4?s=96&d=monsterid&r=pg\",\"caption\":\"criserb\"},\"logo\":{\"@id\":\"https:\/\/www.criserb.com\/blog\/#\/schema\/person\/image\/\"},\"sameAs\":[\"http:\/\/www.criserb.com\"],\"url\":\"https:\/\/www.criserb.com\/blog\/author\/criserb\/\"}]}<\/script>\n<!-- \/ Yoast SEO plugin. -->","yoast_head_json":{"title":"Primul concediu cu copilul la schi","robots":{"index":"index","follow":"follow","max-snippet":"max-snippet:-1","max-image-preview":"max-image-preview:large","max-video-preview":"max-video-preview:-1"},"canonical":"https:\/\/www.criserb.com\/blog\/primul-concediu-cu-copilul-la-schi\/","twitter_misc":{"Written by":"criserb","Est. reading time":"6 minutes"},"schema":{"@context":"https:\/\/schema.org","@graph":[{"@type":"Article","@id":"https:\/\/www.criserb.com\/blog\/primul-concediu-cu-copilul-la-schi\/#article","isPartOf":{"@id":"https:\/\/www.criserb.com\/blog\/primul-concediu-cu-copilul-la-schi\/"},"author":{"name":"criserb","@id":"https:\/\/www.criserb.com\/blog\/#\/schema\/person\/8df5199bda4e628c32a10f318d8602b5"},"headline":"Primul concediu cu copilul la schi","datePublished":"2019-04-10T11:28:15+00:00","dateModified":"2019-04-10T12:59:06+00:00","mainEntityOfPage":{"@id":"https:\/\/www.criserb.com\/blog\/primul-concediu-cu-copilul-la-schi\/"},"wordCount":1107,"commentCount":0,"publisher":{"@id":"https:\/\/www.criserb.com\/blog\/#\/schema\/person\/8df5199bda4e628c32a10f318d8602b5"},"image":{"@id":"https:\/\/www.criserb.com\/blog\/primul-concediu-cu-copilul-la-schi\/#primaryimage"},"thumbnailUrl":"https:\/\/www.criserb.com\/blog\/poze\/2019\/04\/20190329_100940.jpg","articleSection":["Concediu"],"inLanguage":"en-US","potentialAction":[{"@type":"CommentAction","name":"Comment","target":["https:\/\/www.criserb.com\/blog\/primul-concediu-cu-copilul-la-schi\/#respond"]}]},{"@type":"WebPage","@id":"https:\/\/www.criserb.com\/blog\/primul-concediu-cu-copilul-la-schi\/","url":"https:\/\/www.criserb.com\/blog\/primul-concediu-cu-copilul-la-schi\/","name":"Primul concediu cu copilul la schi","isPartOf":{"@id":"https:\/\/www.criserb.com\/blog\/#website"},"primaryImageOfPage":{"@id":"https:\/\/www.criserb.com\/blog\/primul-concediu-cu-copilul-la-schi\/#primaryimage"},"image":{"@id":"https:\/\/www.criserb.com\/blog\/primul-concediu-cu-copilul-la-schi\/#primaryimage"},"thumbnailUrl":"https:\/\/www.criserb.com\/blog\/poze\/2019\/04\/20190329_100940.jpg","datePublished":"2019-04-10T11:28:15+00:00","dateModified":"2019-04-10T12:59:06+00:00","breadcrumb":{"@id":"https:\/\/www.criserb.com\/blog\/primul-concediu-cu-copilul-la-schi\/#breadcrumb"},"inLanguage":"en-US","potentialAction":[{"@type":"ReadAction","target":["https:\/\/www.criserb.com\/blog\/primul-concediu-cu-copilul-la-schi\/"]}]},{"@type":"ImageObject","inLanguage":"en-US","@id":"https:\/\/www.criserb.com\/blog\/primul-concediu-cu-copilul-la-schi\/#primaryimage","url":"https:\/\/www.criserb.com\/blog\/poze\/2019\/04\/20190329_100940.jpg","contentUrl":"https:\/\/www.criserb.com\/blog\/poze\/2019\/04\/20190329_100940.jpg","width":1380,"height":1035},{"@type":"BreadcrumbList","@id":"https:\/\/www.criserb.com\/blog\/primul-concediu-cu-copilul-la-schi\/#breadcrumb","itemListElement":[{"@type":"ListItem","position":1,"name":"Home","item":"https:\/\/www.criserb.com\/blog\/"},{"@type":"ListItem","position":2,"name":"Primul concediu cu copilul la schi"}]},{"@type":"WebSite","@id":"https:\/\/www.criserb.com\/blog\/#website","url":"https:\/\/www.criserb.com\/blog\/","name":"criserb.com","description":"Nimic ce merita citit :)","publisher":{"@id":"https:\/\/www.criserb.com\/blog\/#\/schema\/person\/8df5199bda4e628c32a10f318d8602b5"},"potentialAction":[{"@type":"SearchAction","target":{"@type":"EntryPoint","urlTemplate":"https:\/\/www.criserb.com\/blog\/?s={search_term_string}"},"query-input":{"@type":"PropertyValueSpecification","valueRequired":true,"valueName":"search_term_string"}}],"inLanguage":"en-US"},{"@type":["Person","Organization"],"@id":"https:\/\/www.criserb.com\/blog\/#\/schema\/person\/8df5199bda4e628c32a10f318d8602b5","name":"criserb","image":{"@type":"ImageObject","inLanguage":"en-US","@id":"https:\/\/www.criserb.com\/blog\/#\/schema\/person\/image\/","url":"http:\/\/0.gravatar.com\/avatar\/fdb6cca710f39545f0c4b5b936c390b4?s=96&d=monsterid&r=pg","contentUrl":"http:\/\/0.gravatar.com\/avatar\/fdb6cca710f39545f0c4b5b936c390b4?s=96&d=monsterid&r=pg","caption":"criserb"},"logo":{"@id":"https:\/\/www.criserb.com\/blog\/#\/schema\/person\/image\/"},"sameAs":["http:\/\/www.criserb.com"],"url":"https:\/\/www.criserb.com\/blog\/author\/criserb\/"}]}},"_links":{"self":[{"href":"https:\/\/www.criserb.com\/blog\/wp-json\/wp\/v2\/posts\/34026"}],"collection":[{"href":"https:\/\/www.criserb.com\/blog\/wp-json\/wp\/v2\/posts"}],"about":[{"href":"https:\/\/www.criserb.com\/blog\/wp-json\/wp\/v2\/types\/post"}],"author":[{"embeddable":true,"href":"https:\/\/www.criserb.com\/blog\/wp-json\/wp\/v2\/users\/3"}],"replies":[{"embeddable":true,"href":"https:\/\/www.criserb.com\/blog\/wp-json\/wp\/v2\/comments?post=34026"}],"version-history":[{"count":0,"href":"https:\/\/www.criserb.com\/blog\/wp-json\/wp\/v2\/posts\/34026\/revisions"}],"wp:featuredmedia":[{"embeddable":true,"href":"https:\/\/www.criserb.com\/blog\/wp-json\/wp\/v2\/media\/34031"}],"wp:attachment":[{"href":"https:\/\/www.criserb.com\/blog\/wp-json\/wp\/v2\/media?parent=34026"}],"wp:term":[{"taxonomy":"category","embeddable":true,"href":"https:\/\/www.criserb.com\/blog\/wp-json\/wp\/v2\/categories?post=34026"},{"taxonomy":"post_tag","embeddable":true,"href":"https:\/\/www.criserb.com\/blog\/wp-json\/wp\/v2\/tags?post=34026"}],"curies":[{"name":"wp","href":"https:\/\/api.w.org\/{rel}","templated":true}]}}