{"id":34248,"date":"2019-09-20T15:41:22","date_gmt":"2019-09-20T12:41:22","guid":{"rendered":"https:\/\/www.criserb.com\/blog\/?p=34248"},"modified":"2019-09-20T15:41:25","modified_gmt":"2019-09-20T12:41:25","slug":"de-aproape-o-luna-merg-cu-bicicleta-la-birou","status":"publish","type":"post","link":"https:\/\/www.criserb.com\/blog\/de-aproape-o-luna-merg-cu-bicicleta-la-birou\/","title":{"rendered":"De aproape o lun\u0103 merg cu bicicleta la birou"},"content":{"rendered":"\n<p>Dup\u0103 aproape o lun\u0103 de c\u00e2nd merg cu bicicleta la birou \u00eemi dau seama c\u0103 trebuia s\u0103 fac chestia asta mai de demult. <\/p>\n\n\n\n<p>Nu merg tot drumul cu bicicleta, merg cu ma\u0219ina p\u00e2n\u0103 la biroul so\u021biei, undeva la intersec\u021bia Panduri cu 13 Septembrie, de acolo iau bicicleta p\u00e2n\u0103 \u00een Roman\u0103. Cam 4.5 km. <\/p>\n\n\n\n<p>Dup\u0103 o lun\u0103 pot s\u0103 v\u0103 spun c\u0103-mi place, fac mai pu\u021bin dec\u00e2t cu ma\u0219ina \u0219i este al naibii de mi\u0219to c\u00e2nd treci pe l\u00e2ng\u0103 ma\u0219inile ce a\u0219teapt\u0103 \u00een coloane interminabile la semafor. <\/p>\n\n\n\n<p>Fac cam 20 de minute cu bicicleta \u0219i f\u0103ceam cam 30 cu ma\u0219ina. Am c\u00e2\u0219tigat practic 10 minute la un drum, 20 de minute dus-\u00eentors. O or\u0103 \u0219i 40 de minute pe s\u0103pt\u0103m\u00e2n\u0103, cam 7 ore pe lun\u0103. <\/p>\n\n\n\n<p>Dar nu \u0103sta este cel mai mare c\u00e2\u0219tig, c\u00e2\u0219tigul este c\u0103 drumurile nu mai sunt acelea\u0219i, nu m\u0103 mai plictisesc \u00een ma\u0219in\u0103, acum schimb ruta cam de fiecare dat\u0103 \u0219i ora\u0219ul se vede altfel pe dou\u0103 ro\u021bi.<\/p>\n\n\n\n<p>Mai fac \u0219i ceva mi\u0219care ceea ce-i bine. <\/p>\n\n\n\n<p>Partea mai na\u0219pa este cu noxele pe care le inspir atunci c\u00e2nd trec pe l\u00e2ng\u0103 coloanele de ma\u0219ini oprite. Cel mai mult le simt la \u00eentoarcere, la urcarea pe l\u00e2ng\u0103 Ibis spre Marriott. <\/p>\n\n\n\n<p>Dup\u0103 o lun\u0103 pot s\u0103 v\u0103 spun c\u0103 m-am mai obi\u0219nuit, merg mai tot timpul pe strad\u0103 \u0219i am reu\u0219it \u0219i cu \u00eencadr\u0103rile pentru virajul la st\u00e2nga, \u00eencadr\u0103ri ce mi se p\u0103reau mai dificile. <\/p>\n\n\n\n<p>Am lumini pe care le folosesc \u0219i ziua \u0219i noaptea \u0219i chiar se vede diferen\u021b\u0103 atunci c\u00e2nd le folosesc \u0219i nu uit s\u0103 le aprind. Ziua mi se mai \u00eent\u00e2mpl\u0103 s\u0103 uit s\u0103 le aprind :( Farul este genial, simt cum oamenii \u00eemi fac loc doar pentru c\u0103 m\u0103 v\u0103d mai bine. E mare diferen\u021b\u0103 atunci \u00eentre atunci c\u00e2nd \u00eel am pornit \u0219i atunci c\u00e2nd \u00eel uit. Se vede de la o po\u0219t\u0103 \u00een comportamentul celor cu care m\u0103 \u00eent\u00e2lnesc \u00een trafic. Sper s\u0103 m\u0103 obi\u0219nuiesc s\u0103-l aprind de fiecare dat\u0103.<\/p>\n\n\n\n<p>Vede\u021bi mai jos un review \u0219i aici ave\u021bi un <a href=\"https:\/\/gaciron.ro\/collections\/faruri\/products\/gaciron-v9c-800-lumeni\" target=\"_blank\" rel=\"noreferrer noopener\" aria-label=\"link (opens in a new tab)\">link<\/a> cu el.<\/p>\n\n\n\n<figure class=\"wp-block-embed-youtube wp-block-embed is-type-video is-provider-youtube wp-embed-aspect-16-9 wp-has-aspect-ratio\"><div class=\"wp-block-embed__wrapper\">\n<div class=\"embed-responsive embed-responsive-16by9\"><iframe loading=\"lazy\" title=\"Gaciron V9C 800 Lumen Bike Light\" width=\"500\" height=\"281\" src=\"https:\/\/www.youtube.com\/embed\/gqRaMb0qCS4?feature=oembed\" frameborder=\"0\" allow=\"accelerometer; autoplay; clipboard-write; encrypted-media; gyroscope; picture-in-picture; web-share\" referrerpolicy=\"strict-origin-when-cross-origin\" allowfullscreen><\/iframe><\/div>\n<\/div><\/figure>\n\n\n\n<p>Ieri am fost nevoit s\u0103 iau ma\u0219ina, a fost \u00eengrozitor. Am f\u0103cut 50 de minute un drum pe care-l f\u0103ceam cu bicicleta \u00een 20 de minute. E drept c\u0103-l f\u0103ceam \u0219i cu ma\u0219ina \u00een 30 de minute de regul\u0103, nu \u0219tiu ce s-a \u00eent\u00e2mplat ieri c\u0103 totul era blocat. <\/p>\n\n\n\n<p>Am zis c\u0103 nu. Nu mai merg cu ma\u0219ina o vreme, cel pu\u021bin at\u00e2t c\u00e2t vremea permite. <\/p>\n\n\n\n<p>De c\u00e2nd merg cu bicicleta fumez mai pu\u021bin, c\u0103 deh, \u00een ma\u0219in\u0103 m\u0103 plictiseam \u0219i fumam, pe biciclet\u0103 nu mai am timp :) Fac \u0219i ceva economie la bani, nu ceva extraordinar, dar e \u0219i aia ceva. <\/p>\n\n\n\n<p>\u0218oferii mi se par ok, majoritatea sunt ok \u0219i fac loc bicicli\u0219tilor, \u00eei dep\u0103\u0219esc l\u0103s\u00e2ndu-le un spa\u021biu de siguran\u021b\u0103. Majoritatea. Sunt \u0219i excep\u021bii, dar num\u0103rul idio\u021bilor nu-i a\u0219a mare pe cum m\u0103 a\u0219teptam. <\/p>\n\n\n\n<p>De la Dana p\u00e2n\u0103 acas\u0103 pun bicicleta pe ma\u0219in\u0103 \u0219i merg motorizat. De acolo nu mai este a\u0219a aglomerat, nu m\u0103 pl\u00e2ng. <\/p>\n\n\n\n<p>\u00cen schimb am ceva dubii cu suportul pentru biciclet\u0103. Nu \u0219tiu dac\u0103 la toat\u0103 lumea face a\u0219a, dar la mine, atunci c\u00e2nd dau \u00eentr-o groap\u0103\/denivelare bicicleta intr\u0103 \u00een balans pe ma\u0219in\u0103, st\u00e2nga-dreapta. Nici nu \u0219tiu dac\u0103-i normal sau nu, dac\u0103 suportul meu nu-i bun&#8230; Am luat ceva relativ mediu, <a rel=\"noreferrer noopener\" aria-label=\"Cruz Race (opens in a new tab)\" href=\"https:\/\/www.portbagaje.ro\/produse\/suport-biciclete-cruz-race-art940-011\/8014\/\" target=\"_blank\">Cruz Race<\/a>. Am zis c\u0103-i bun pe distan\u021be scurte, dar&#8230; am ceva emo\u021bii cu el. <\/p>\n\n\n\n<p>Pentru siguran\u021b\u0103 mai prind bicicleta \u0219i cu o ching\u0103 \u0219i atunci st\u0103 \u021beap\u0103n. Nu mi\u0219c\u0103 deloc. Dac\u0103 ave\u021bi sfaturi aici&#8230; chiar v\u0103 rog.<\/p>\n\n\n\n<p>Una peste alta \u00eemi place. Nu-i u\u0219or, \u00eenc\u0103 mai am emo\u021bii c\u00e2nd plec la drum, m\u0103 g\u00e2ndesc la to\u021bi nebunii din trafic, dar e mai bine, m\u0103 simt mai \u00een largul meu. <\/p>\n\n\n\n<p>Nu \u0219tiu cum o s\u0103 fac c\u00e2nd se mai r\u0103ce\u0219te vremea, b\u0103nuiesc c\u0103 mi-ar trebui un echipament special, dar nici asta nu \u0219tiu. Am s\u0103 mai studiez. <\/p>\n\n\n\n<p>Cert este c\u0103 am peste 200km f\u0103cu\u021bi \u0219i sunt tare m\u00e2ndru de mine \u0219i de noua mea modalitate de transport :)<\/p>\n\n\n\n<p>\u0218i pe l\u00e2ng\u0103 aceste drumuri, \u00een fiecare sear\u0103 m\u0103 duc \u0219i cu fii-miu la plimbare cu bicicleta, nu scap. Deci cumva am ajuns iar la pasiunea din copil\u0103rie, \u00eemi aduc aminte c\u0103 atunci cu greu m\u0103 d\u0103deam jos de pe biciclet\u0103, se pare c\u0103 treaba se repet\u0103,<\/p>\n","protected":false},"excerpt":{"rendered":"<p>Dup\u0103 aproape o lun\u0103 de c\u00e2nd merg cu bicicleta la birou \u00eemi dau seama c\u0103 trebuia s\u0103 fac chestia asta mai de demult. Nu merg tot drumul cu bicicleta, merg cu ma\u0219ina p\u00e2n\u0103 la biroul so\u021biei, undeva la intersec\u021bia Panduri cu 13 Septembrie, de acolo iau bicicleta p\u00e2n\u0103 \u00een Roman\u0103. Cam 4.5 km. Dup\u0103 o&hellip;<\/p>\n","protected":false},"author":3,"featured_media":34249,"comment_status":"open","ping_status":"open","sticky":false,"template":"","format":"standard","meta":{"footnotes":""},"categories":[7713],"tags":[261,7715,7078],"yoast_head":"<!-- This site is optimized with the Yoast SEO plugin v24.5 - https:\/\/yoast.com\/wordpress\/plugins\/seo\/ -->\n<title>De aproape o lun\u0103 merg cu bicicleta la birou<\/title>\n<meta name=\"robots\" content=\"index, follow, max-snippet:-1, max-image-preview:large, max-video-preview:-1\" \/>\n<link rel=\"canonical\" href=\"https:\/\/www.criserb.com\/blog\/de-aproape-o-luna-merg-cu-bicicleta-la-birou\/\" \/>\n<meta name=\"twitter:label1\" content=\"Written by\" \/>\n\t<meta name=\"twitter:data1\" content=\"criserb\" \/>\n\t<meta name=\"twitter:label2\" content=\"Est. reading time\" \/>\n\t<meta name=\"twitter:data2\" content=\"4 minutes\" \/>\n<script type=\"application\/ld+json\" class=\"yoast-schema-graph\">{\"@context\":\"https:\/\/schema.org\",\"@graph\":[{\"@type\":\"Article\",\"@id\":\"https:\/\/www.criserb.com\/blog\/de-aproape-o-luna-merg-cu-bicicleta-la-birou\/#article\",\"isPartOf\":{\"@id\":\"https:\/\/www.criserb.com\/blog\/de-aproape-o-luna-merg-cu-bicicleta-la-birou\/\"},\"author\":{\"name\":\"criserb\",\"@id\":\"https:\/\/www.criserb.com\/blog\/#\/schema\/person\/8df5199bda4e628c32a10f318d8602b5\"},\"headline\":\"De aproape o lun\u0103 merg cu bicicleta la birou\",\"datePublished\":\"2019-09-20T12:41:22+00:00\",\"dateModified\":\"2019-09-20T12:41:25+00:00\",\"mainEntityOfPage\":{\"@id\":\"https:\/\/www.criserb.com\/blog\/de-aproape-o-luna-merg-cu-bicicleta-la-birou\/\"},\"wordCount\":820,\"commentCount\":1,\"publisher\":{\"@id\":\"https:\/\/www.criserb.com\/blog\/#\/schema\/person\/8df5199bda4e628c32a10f318d8602b5\"},\"image\":{\"@id\":\"https:\/\/www.criserb.com\/blog\/de-aproape-o-luna-merg-cu-bicicleta-la-birou\/#primaryimage\"},\"thumbnailUrl\":\"https:\/\/www.criserb.com\/blog\/poze\/2019\/09\/20190907_111706.jpg\",\"keywords\":[\"bicicleta\",\"Cu bicicleta la birou\",\"Sport\"],\"articleSection\":[\"Biciclet\u0103\"],\"inLanguage\":\"en-US\",\"potentialAction\":[{\"@type\":\"CommentAction\",\"name\":\"Comment\",\"target\":[\"https:\/\/www.criserb.com\/blog\/de-aproape-o-luna-merg-cu-bicicleta-la-birou\/#respond\"]}]},{\"@type\":\"WebPage\",\"@id\":\"https:\/\/www.criserb.com\/blog\/de-aproape-o-luna-merg-cu-bicicleta-la-birou\/\",\"url\":\"https:\/\/www.criserb.com\/blog\/de-aproape-o-luna-merg-cu-bicicleta-la-birou\/\",\"name\":\"De aproape o lun\u0103 merg cu bicicleta la birou\",\"isPartOf\":{\"@id\":\"https:\/\/www.criserb.com\/blog\/#website\"},\"primaryImageOfPage\":{\"@id\":\"https:\/\/www.criserb.com\/blog\/de-aproape-o-luna-merg-cu-bicicleta-la-birou\/#primaryimage\"},\"image\":{\"@id\":\"https:\/\/www.criserb.com\/blog\/de-aproape-o-luna-merg-cu-bicicleta-la-birou\/#primaryimage\"},\"thumbnailUrl\":\"https:\/\/www.criserb.com\/blog\/poze\/2019\/09\/20190907_111706.jpg\",\"datePublished\":\"2019-09-20T12:41:22+00:00\",\"dateModified\":\"2019-09-20T12:41:25+00:00\",\"breadcrumb\":{\"@id\":\"https:\/\/www.criserb.com\/blog\/de-aproape-o-luna-merg-cu-bicicleta-la-birou\/#breadcrumb\"},\"inLanguage\":\"en-US\",\"potentialAction\":[{\"@type\":\"ReadAction\",\"target\":[\"https:\/\/www.criserb.com\/blog\/de-aproape-o-luna-merg-cu-bicicleta-la-birou\/\"]}]},{\"@type\":\"ImageObject\",\"inLanguage\":\"en-US\",\"@id\":\"https:\/\/www.criserb.com\/blog\/de-aproape-o-luna-merg-cu-bicicleta-la-birou\/#primaryimage\",\"url\":\"https:\/\/www.criserb.com\/blog\/poze\/2019\/09\/20190907_111706.jpg\",\"contentUrl\":\"https:\/\/www.criserb.com\/blog\/poze\/2019\/09\/20190907_111706.jpg\",\"width\":1380,\"height\":1035},{\"@type\":\"BreadcrumbList\",\"@id\":\"https:\/\/www.criserb.com\/blog\/de-aproape-o-luna-merg-cu-bicicleta-la-birou\/#breadcrumb\",\"itemListElement\":[{\"@type\":\"ListItem\",\"position\":1,\"name\":\"Home\",\"item\":\"https:\/\/www.criserb.com\/blog\/\"},{\"@type\":\"ListItem\",\"position\":2,\"name\":\"De aproape o lun\u0103 merg cu bicicleta la birou\"}]},{\"@type\":\"WebSite\",\"@id\":\"https:\/\/www.criserb.com\/blog\/#website\",\"url\":\"https:\/\/www.criserb.com\/blog\/\",\"name\":\"criserb.com\",\"description\":\"Nimic ce merita citit :)\",\"publisher\":{\"@id\":\"https:\/\/www.criserb.com\/blog\/#\/schema\/person\/8df5199bda4e628c32a10f318d8602b5\"},\"potentialAction\":[{\"@type\":\"SearchAction\",\"target\":{\"@type\":\"EntryPoint\",\"urlTemplate\":\"https:\/\/www.criserb.com\/blog\/?s={search_term_string}\"},\"query-input\":{\"@type\":\"PropertyValueSpecification\",\"valueRequired\":true,\"valueName\":\"search_term_string\"}}],\"inLanguage\":\"en-US\"},{\"@type\":[\"Person\",\"Organization\"],\"@id\":\"https:\/\/www.criserb.com\/blog\/#\/schema\/person\/8df5199bda4e628c32a10f318d8602b5\",\"name\":\"criserb\",\"image\":{\"@type\":\"ImageObject\",\"inLanguage\":\"en-US\",\"@id\":\"https:\/\/www.criserb.com\/blog\/#\/schema\/person\/image\/\",\"url\":\"http:\/\/0.gravatar.com\/avatar\/fdb6cca710f39545f0c4b5b936c390b4?s=96&d=monsterid&r=pg\",\"contentUrl\":\"http:\/\/0.gravatar.com\/avatar\/fdb6cca710f39545f0c4b5b936c390b4?s=96&d=monsterid&r=pg\",\"caption\":\"criserb\"},\"logo\":{\"@id\":\"https:\/\/www.criserb.com\/blog\/#\/schema\/person\/image\/\"},\"sameAs\":[\"http:\/\/www.criserb.com\"],\"url\":\"https:\/\/www.criserb.com\/blog\/author\/criserb\/\"}]}<\/script>\n<!-- \/ Yoast SEO plugin. -->","yoast_head_json":{"title":"De aproape o lun\u0103 merg cu bicicleta la birou","robots":{"index":"index","follow":"follow","max-snippet":"max-snippet:-1","max-image-preview":"max-image-preview:large","max-video-preview":"max-video-preview:-1"},"canonical":"https:\/\/www.criserb.com\/blog\/de-aproape-o-luna-merg-cu-bicicleta-la-birou\/","twitter_misc":{"Written by":"criserb","Est. reading time":"4 minutes"},"schema":{"@context":"https:\/\/schema.org","@graph":[{"@type":"Article","@id":"https:\/\/www.criserb.com\/blog\/de-aproape-o-luna-merg-cu-bicicleta-la-birou\/#article","isPartOf":{"@id":"https:\/\/www.criserb.com\/blog\/de-aproape-o-luna-merg-cu-bicicleta-la-birou\/"},"author":{"name":"criserb","@id":"https:\/\/www.criserb.com\/blog\/#\/schema\/person\/8df5199bda4e628c32a10f318d8602b5"},"headline":"De aproape o lun\u0103 merg cu bicicleta la birou","datePublished":"2019-09-20T12:41:22+00:00","dateModified":"2019-09-20T12:41:25+00:00","mainEntityOfPage":{"@id":"https:\/\/www.criserb.com\/blog\/de-aproape-o-luna-merg-cu-bicicleta-la-birou\/"},"wordCount":820,"commentCount":1,"publisher":{"@id":"https:\/\/www.criserb.com\/blog\/#\/schema\/person\/8df5199bda4e628c32a10f318d8602b5"},"image":{"@id":"https:\/\/www.criserb.com\/blog\/de-aproape-o-luna-merg-cu-bicicleta-la-birou\/#primaryimage"},"thumbnailUrl":"https:\/\/www.criserb.com\/blog\/poze\/2019\/09\/20190907_111706.jpg","keywords":["bicicleta","Cu bicicleta la birou","Sport"],"articleSection":["Biciclet\u0103"],"inLanguage":"en-US","potentialAction":[{"@type":"CommentAction","name":"Comment","target":["https:\/\/www.criserb.com\/blog\/de-aproape-o-luna-merg-cu-bicicleta-la-birou\/#respond"]}]},{"@type":"WebPage","@id":"https:\/\/www.criserb.com\/blog\/de-aproape-o-luna-merg-cu-bicicleta-la-birou\/","url":"https:\/\/www.criserb.com\/blog\/de-aproape-o-luna-merg-cu-bicicleta-la-birou\/","name":"De aproape o lun\u0103 merg cu bicicleta la birou","isPartOf":{"@id":"https:\/\/www.criserb.com\/blog\/#website"},"primaryImageOfPage":{"@id":"https:\/\/www.criserb.com\/blog\/de-aproape-o-luna-merg-cu-bicicleta-la-birou\/#primaryimage"},"image":{"@id":"https:\/\/www.criserb.com\/blog\/de-aproape-o-luna-merg-cu-bicicleta-la-birou\/#primaryimage"},"thumbnailUrl":"https:\/\/www.criserb.com\/blog\/poze\/2019\/09\/20190907_111706.jpg","datePublished":"2019-09-20T12:41:22+00:00","dateModified":"2019-09-20T12:41:25+00:00","breadcrumb":{"@id":"https:\/\/www.criserb.com\/blog\/de-aproape-o-luna-merg-cu-bicicleta-la-birou\/#breadcrumb"},"inLanguage":"en-US","potentialAction":[{"@type":"ReadAction","target":["https:\/\/www.criserb.com\/blog\/de-aproape-o-luna-merg-cu-bicicleta-la-birou\/"]}]},{"@type":"ImageObject","inLanguage":"en-US","@id":"https:\/\/www.criserb.com\/blog\/de-aproape-o-luna-merg-cu-bicicleta-la-birou\/#primaryimage","url":"https:\/\/www.criserb.com\/blog\/poze\/2019\/09\/20190907_111706.jpg","contentUrl":"https:\/\/www.criserb.com\/blog\/poze\/2019\/09\/20190907_111706.jpg","width":1380,"height":1035},{"@type":"BreadcrumbList","@id":"https:\/\/www.criserb.com\/blog\/de-aproape-o-luna-merg-cu-bicicleta-la-birou\/#breadcrumb","itemListElement":[{"@type":"ListItem","position":1,"name":"Home","item":"https:\/\/www.criserb.com\/blog\/"},{"@type":"ListItem","position":2,"name":"De aproape o lun\u0103 merg cu bicicleta la birou"}]},{"@type":"WebSite","@id":"https:\/\/www.criserb.com\/blog\/#website","url":"https:\/\/www.criserb.com\/blog\/","name":"criserb.com","description":"Nimic ce merita citit :)","publisher":{"@id":"https:\/\/www.criserb.com\/blog\/#\/schema\/person\/8df5199bda4e628c32a10f318d8602b5"},"potentialAction":[{"@type":"SearchAction","target":{"@type":"EntryPoint","urlTemplate":"https:\/\/www.criserb.com\/blog\/?s={search_term_string}"},"query-input":{"@type":"PropertyValueSpecification","valueRequired":true,"valueName":"search_term_string"}}],"inLanguage":"en-US"},{"@type":["Person","Organization"],"@id":"https:\/\/www.criserb.com\/blog\/#\/schema\/person\/8df5199bda4e628c32a10f318d8602b5","name":"criserb","image":{"@type":"ImageObject","inLanguage":"en-US","@id":"https:\/\/www.criserb.com\/blog\/#\/schema\/person\/image\/","url":"http:\/\/0.gravatar.com\/avatar\/fdb6cca710f39545f0c4b5b936c390b4?s=96&d=monsterid&r=pg","contentUrl":"http:\/\/0.gravatar.com\/avatar\/fdb6cca710f39545f0c4b5b936c390b4?s=96&d=monsterid&r=pg","caption":"criserb"},"logo":{"@id":"https:\/\/www.criserb.com\/blog\/#\/schema\/person\/image\/"},"sameAs":["http:\/\/www.criserb.com"],"url":"https:\/\/www.criserb.com\/blog\/author\/criserb\/"}]}},"_links":{"self":[{"href":"https:\/\/www.criserb.com\/blog\/wp-json\/wp\/v2\/posts\/34248"}],"collection":[{"href":"https:\/\/www.criserb.com\/blog\/wp-json\/wp\/v2\/posts"}],"about":[{"href":"https:\/\/www.criserb.com\/blog\/wp-json\/wp\/v2\/types\/post"}],"author":[{"embeddable":true,"href":"https:\/\/www.criserb.com\/blog\/wp-json\/wp\/v2\/users\/3"}],"replies":[{"embeddable":true,"href":"https:\/\/www.criserb.com\/blog\/wp-json\/wp\/v2\/comments?post=34248"}],"version-history":[{"count":0,"href":"https:\/\/www.criserb.com\/blog\/wp-json\/wp\/v2\/posts\/34248\/revisions"}],"wp:featuredmedia":[{"embeddable":true,"href":"https:\/\/www.criserb.com\/blog\/wp-json\/wp\/v2\/media\/34249"}],"wp:attachment":[{"href":"https:\/\/www.criserb.com\/blog\/wp-json\/wp\/v2\/media?parent=34248"}],"wp:term":[{"taxonomy":"category","embeddable":true,"href":"https:\/\/www.criserb.com\/blog\/wp-json\/wp\/v2\/categories?post=34248"},{"taxonomy":"post_tag","embeddable":true,"href":"https:\/\/www.criserb.com\/blog\/wp-json\/wp\/v2\/tags?post=34248"}],"curies":[{"name":"wp","href":"https:\/\/api.w.org\/{rel}","templated":true}]}}