{"id":34252,"date":"2019-10-25T12:21:57","date_gmt":"2019-10-25T09:21:57","guid":{"rendered":"https:\/\/www.criserb.com\/blog\/?p=34252"},"modified":"2019-10-25T12:22:00","modified_gmt":"2019-10-25T09:22:00","slug":"demolarea-cladirii-din-spatele-blocului-cu-coloane-din-romana","status":"publish","type":"post","link":"https:\/\/www.criserb.com\/blog\/demolarea-cladirii-din-spatele-blocului-cu-coloane-din-romana\/","title":{"rendered":"Demolarea cl\u0103dirii din spatele blocului cu  &#8220;coloane&#8221; din Roman\u0103"},"content":{"rendered":"\n<p>De dou\u0103 s\u0103pt\u0103m\u00e2ni s-au apucat de d\u0103r\u00e2marea unei cl\u0103diri ce am impresia c\u0103 pe vremuri a fost ceva \u0219coal\u0103 profesional\u0103. Acum a ajuns un fel de depozit, fiind (probabil) a celor de la Sheraton. <\/p>\n\n\n\n<figure class=\"wp-block-image\"><a href=\"https:\/\/www.criserb.com\/blog\/poze\/2019\/10\/20191015_093113.jpg\" data-lbwps-width=\"1283\" data-lbwps-height=\"962\" data-lbwps-srcsmall=\"https:\/\/www.criserb.com\/blog\/poze\/2019\/10\/20191015_093113.jpg\"><img loading=\"lazy\" decoding=\"async\" width=\"1283\" height=\"962\" src=\"https:\/\/www.criserb.com\/blog\/poze\/2019\/10\/20191015_093113.jpg\" alt=\"\" class=\"wp-image-34253\"\/><\/a><\/figure>\n\n\n\n<figure class=\"wp-block-image\"><a href=\"https:\/\/www.criserb.com\/blog\/poze\/2019\/10\/20191015_123730.jpg\" data-lbwps-width=\"1283\" data-lbwps-height=\"962\" data-lbwps-srcsmall=\"https:\/\/www.criserb.com\/blog\/poze\/2019\/10\/20191015_123730.jpg\"><img loading=\"lazy\" decoding=\"async\" width=\"1283\" height=\"962\" src=\"https:\/\/www.criserb.com\/blog\/poze\/2019\/10\/20191015_123730.jpg\" alt=\"\" class=\"wp-image-34254\"\/><\/a><\/figure>\n\n\n\n<figure class=\"wp-block-image\"><a href=\"https:\/\/www.criserb.com\/blog\/poze\/2019\/10\/20191016_112411.jpg\" data-lbwps-width=\"1283\" data-lbwps-height=\"962\" data-lbwps-srcsmall=\"https:\/\/www.criserb.com\/blog\/poze\/2019\/10\/20191016_112411.jpg\"><img loading=\"lazy\" decoding=\"async\" width=\"1283\" height=\"962\" src=\"https:\/\/www.criserb.com\/blog\/poze\/2019\/10\/20191016_112411.jpg\" alt=\"\" class=\"wp-image-34256\"\/><\/a><\/figure>\n\n\n\n<figure class=\"wp-block-image\"><a href=\"https:\/\/www.criserb.com\/blog\/poze\/2019\/10\/20191016_152856.jpg\" data-lbwps-width=\"1283\" data-lbwps-height=\"962\" data-lbwps-srcsmall=\"https:\/\/www.criserb.com\/blog\/poze\/2019\/10\/20191016_152856.jpg\"><img loading=\"lazy\" decoding=\"async\" width=\"1283\" height=\"962\" src=\"https:\/\/www.criserb.com\/blog\/poze\/2019\/10\/20191016_152856.jpg\" alt=\"\" class=\"wp-image-34257\"\/><\/a><\/figure>\n\n\n\n<figure class=\"wp-block-image\"><a href=\"https:\/\/www.criserb.com\/blog\/poze\/2019\/10\/20191017_143537.jpg\" data-lbwps-width=\"1283\" data-lbwps-height=\"962\" data-lbwps-srcsmall=\"https:\/\/www.criserb.com\/blog\/poze\/2019\/10\/20191017_143537.jpg\"><img loading=\"lazy\" decoding=\"async\" width=\"1283\" height=\"962\" src=\"https:\/\/www.criserb.com\/blog\/poze\/2019\/10\/20191017_143537.jpg\" alt=\"\" class=\"wp-image-34258\"\/><\/a><\/figure>\n\n\n\n<figure class=\"wp-block-image\"><img loading=\"lazy\" decoding=\"async\" width=\"1380\" height=\"1035\" src=\"https:\/\/www.criserb.com\/blog\/poze\/2019\/10\/20191024_104851-1.jpg\" alt=\"\" class=\"wp-image-34263\"\/><\/figure>\n\n\n\n<figure class=\"wp-block-image\"><a href=\"https:\/\/www.criserb.com\/blog\/poze\/2019\/10\/20191025_095207.jpg\" data-lbwps-width=\"1283\" data-lbwps-height=\"962\" data-lbwps-srcsmall=\"https:\/\/www.criserb.com\/blog\/poze\/2019\/10\/20191025_095207.jpg\"><img loading=\"lazy\" decoding=\"async\" width=\"1283\" height=\"962\" src=\"https:\/\/www.criserb.com\/blog\/poze\/2019\/10\/20191025_095207.jpg\" alt=\"\" class=\"wp-image-34260\"\/><\/a><\/figure>\n\n\n\n<p>Azi cl\u0103direa a fost pus\u0103 la p\u0103m\u00e2nt. Nu mai exist\u0103. Oamenii din casele din spate pot s\u0103 vad\u0103 \u0219i ei ceva pe geam. Pentru prima dat\u0103.<\/p>\n\n\n\n<p>Dar nu pentru mult timp pentru c\u0103 acolo urmeaz\u0103 s\u0103 se construiasc\u0103 un P+M+8. Practic mare lumin\u0103 nu o s\u0103 mai aib\u0103. <\/p>\n\n\n\n<figure class=\"wp-block-image\"><img loading=\"lazy\" decoding=\"async\" width=\"1811\" height=\"926\" src=\"https:\/\/www.criserb.com\/blog\/poze\/2019\/10\/73390735_10157577196136130_3840281695605489664_o.jpg\" alt=\"\" class=\"wp-image-34261\"\/><\/figure>\n\n\n\n<figure class=\"wp-block-image\"><img loading=\"lazy\" decoding=\"async\" width=\"1752\" height=\"855\" src=\"https:\/\/www.criserb.com\/blog\/poze\/2019\/10\/72404239_10157577202616130_1167289252543725568_o.jpg\" alt=\"\" class=\"wp-image-34262\"\/><\/figure>\n\n\n\n<p>Planurile din comentariile de <a href=\"https:\/\/www.facebook.com\/photo.php?fbid=10157676792164886&amp;set=a.469819359885&amp;type=3&amp;theater\" target=\"_blank\" rel=\"noreferrer noopener\" aria-label=\"aici (opens in a new tab)\">aici<\/a>.<\/p>\n\n\n\n<p>Dou\u0103 s\u0103pt\u0103m\u00e2ni a durat demolarea din care mare parte a fost evacuarea molozului, \u0219i au lucrat vreo 3 oameni. Efectiv, c\u0103 prezen\u021bi erau, poate, 6. <\/p>\n\n\n\n<p>Ce o s\u0103 ne rezerve viitorul, ce cl\u0103dire o s\u0103 se ridice, urmeaz\u0103 s\u0103 vedem.<\/p>\n","protected":false},"excerpt":{"rendered":"<p>De dou\u0103 s\u0103pt\u0103m\u00e2ni s-au apucat de d\u0103r\u00e2marea unei cl\u0103diri ce am impresia c\u0103 pe vremuri a fost ceva \u0219coal\u0103 profesional\u0103. Acum a ajuns un fel de depozit, fiind (probabil) a celor de la Sheraton. Azi cl\u0103direa a fost pus\u0103 la p\u0103m\u00e2nt. Nu mai exist\u0103. Oamenii din casele din spate pot s\u0103 vad\u0103 \u0219i ei ceva&hellip;<\/p>\n","protected":false},"author":3,"featured_media":34260,"comment_status":"open","ping_status":"open","sticky":false,"template":"","format":"standard","meta":{"footnotes":""},"categories":[2156],"tags":[2690,7716],"yoast_head":"<!-- This site is optimized with the Yoast SEO plugin v24.5 - https:\/\/yoast.com\/wordpress\/plugins\/seo\/ -->\n<title>Demolarea cl\u0103dirii din spatele blocului cu &quot;coloane&quot; din Roman\u0103<\/title>\n<meta name=\"robots\" content=\"index, follow, max-snippet:-1, max-image-preview:large, max-video-preview:-1\" \/>\n<link rel=\"canonical\" href=\"https:\/\/www.criserb.com\/blog\/demolarea-cladirii-din-spatele-blocului-cu-coloane-din-romana\/\" \/>\n<meta name=\"twitter:label1\" content=\"Written by\" \/>\n\t<meta name=\"twitter:data1\" content=\"criserb\" \/>\n\t<meta name=\"twitter:label2\" content=\"Est. reading time\" \/>\n\t<meta name=\"twitter:data2\" content=\"1 minute\" \/>\n<script type=\"application\/ld+json\" class=\"yoast-schema-graph\">{\"@context\":\"https:\/\/schema.org\",\"@graph\":[{\"@type\":\"Article\",\"@id\":\"https:\/\/www.criserb.com\/blog\/demolarea-cladirii-din-spatele-blocului-cu-coloane-din-romana\/#article\",\"isPartOf\":{\"@id\":\"https:\/\/www.criserb.com\/blog\/demolarea-cladirii-din-spatele-blocului-cu-coloane-din-romana\/\"},\"author\":{\"name\":\"criserb\",\"@id\":\"https:\/\/www.criserb.com\/blog\/#\/schema\/person\/8df5199bda4e628c32a10f318d8602b5\"},\"headline\":\"Demolarea cl\u0103dirii din spatele blocului cu &#8220;coloane&#8221; din Roman\u0103\",\"datePublished\":\"2019-10-25T09:21:57+00:00\",\"dateModified\":\"2019-10-25T09:22:00+00:00\",\"mainEntityOfPage\":{\"@id\":\"https:\/\/www.criserb.com\/blog\/demolarea-cladirii-din-spatele-blocului-cu-coloane-din-romana\/\"},\"wordCount\":150,\"commentCount\":2,\"publisher\":{\"@id\":\"https:\/\/www.criserb.com\/blog\/#\/schema\/person\/8df5199bda4e628c32a10f318d8602b5\"},\"image\":{\"@id\":\"https:\/\/www.criserb.com\/blog\/demolarea-cladirii-din-spatele-blocului-cu-coloane-din-romana\/#primaryimage\"},\"thumbnailUrl\":\"https:\/\/www.criserb.com\/blog\/poze\/2019\/10\/20191025_095207.jpg\",\"keywords\":[\"Demolare\",\"Sheraton\"],\"articleSection\":[\"Bucuresti\"],\"inLanguage\":\"en-US\",\"potentialAction\":[{\"@type\":\"CommentAction\",\"name\":\"Comment\",\"target\":[\"https:\/\/www.criserb.com\/blog\/demolarea-cladirii-din-spatele-blocului-cu-coloane-din-romana\/#respond\"]}]},{\"@type\":\"WebPage\",\"@id\":\"https:\/\/www.criserb.com\/blog\/demolarea-cladirii-din-spatele-blocului-cu-coloane-din-romana\/\",\"url\":\"https:\/\/www.criserb.com\/blog\/demolarea-cladirii-din-spatele-blocului-cu-coloane-din-romana\/\",\"name\":\"Demolarea cl\u0103dirii din spatele blocului cu \\\"coloane\\\" din Roman\u0103\",\"isPartOf\":{\"@id\":\"https:\/\/www.criserb.com\/blog\/#website\"},\"primaryImageOfPage\":{\"@id\":\"https:\/\/www.criserb.com\/blog\/demolarea-cladirii-din-spatele-blocului-cu-coloane-din-romana\/#primaryimage\"},\"image\":{\"@id\":\"https:\/\/www.criserb.com\/blog\/demolarea-cladirii-din-spatele-blocului-cu-coloane-din-romana\/#primaryimage\"},\"thumbnailUrl\":\"https:\/\/www.criserb.com\/blog\/poze\/2019\/10\/20191025_095207.jpg\",\"datePublished\":\"2019-10-25T09:21:57+00:00\",\"dateModified\":\"2019-10-25T09:22:00+00:00\",\"breadcrumb\":{\"@id\":\"https:\/\/www.criserb.com\/blog\/demolarea-cladirii-din-spatele-blocului-cu-coloane-din-romana\/#breadcrumb\"},\"inLanguage\":\"en-US\",\"potentialAction\":[{\"@type\":\"ReadAction\",\"target\":[\"https:\/\/www.criserb.com\/blog\/demolarea-cladirii-din-spatele-blocului-cu-coloane-din-romana\/\"]}]},{\"@type\":\"ImageObject\",\"inLanguage\":\"en-US\",\"@id\":\"https:\/\/www.criserb.com\/blog\/demolarea-cladirii-din-spatele-blocului-cu-coloane-din-romana\/#primaryimage\",\"url\":\"https:\/\/www.criserb.com\/blog\/poze\/2019\/10\/20191025_095207.jpg\",\"contentUrl\":\"https:\/\/www.criserb.com\/blog\/poze\/2019\/10\/20191025_095207.jpg\",\"width\":1283,\"height\":962},{\"@type\":\"BreadcrumbList\",\"@id\":\"https:\/\/www.criserb.com\/blog\/demolarea-cladirii-din-spatele-blocului-cu-coloane-din-romana\/#breadcrumb\",\"itemListElement\":[{\"@type\":\"ListItem\",\"position\":1,\"name\":\"Home\",\"item\":\"https:\/\/www.criserb.com\/blog\/\"},{\"@type\":\"ListItem\",\"position\":2,\"name\":\"Demolarea cl\u0103dirii din spatele blocului cu &#8220;coloane&#8221; din Roman\u0103\"}]},{\"@type\":\"WebSite\",\"@id\":\"https:\/\/www.criserb.com\/blog\/#website\",\"url\":\"https:\/\/www.criserb.com\/blog\/\",\"name\":\"criserb.com\",\"description\":\"Nimic ce merita citit :)\",\"publisher\":{\"@id\":\"https:\/\/www.criserb.com\/blog\/#\/schema\/person\/8df5199bda4e628c32a10f318d8602b5\"},\"potentialAction\":[{\"@type\":\"SearchAction\",\"target\":{\"@type\":\"EntryPoint\",\"urlTemplate\":\"https:\/\/www.criserb.com\/blog\/?s={search_term_string}\"},\"query-input\":{\"@type\":\"PropertyValueSpecification\",\"valueRequired\":true,\"valueName\":\"search_term_string\"}}],\"inLanguage\":\"en-US\"},{\"@type\":[\"Person\",\"Organization\"],\"@id\":\"https:\/\/www.criserb.com\/blog\/#\/schema\/person\/8df5199bda4e628c32a10f318d8602b5\",\"name\":\"criserb\",\"image\":{\"@type\":\"ImageObject\",\"inLanguage\":\"en-US\",\"@id\":\"https:\/\/www.criserb.com\/blog\/#\/schema\/person\/image\/\",\"url\":\"http:\/\/0.gravatar.com\/avatar\/fdb6cca710f39545f0c4b5b936c390b4?s=96&d=monsterid&r=pg\",\"contentUrl\":\"http:\/\/0.gravatar.com\/avatar\/fdb6cca710f39545f0c4b5b936c390b4?s=96&d=monsterid&r=pg\",\"caption\":\"criserb\"},\"logo\":{\"@id\":\"https:\/\/www.criserb.com\/blog\/#\/schema\/person\/image\/\"},\"sameAs\":[\"http:\/\/www.criserb.com\"],\"url\":\"https:\/\/www.criserb.com\/blog\/author\/criserb\/\"}]}<\/script>\n<!-- \/ Yoast SEO plugin. -->","yoast_head_json":{"title":"Demolarea cl\u0103dirii din spatele blocului cu \"coloane\" din Roman\u0103","robots":{"index":"index","follow":"follow","max-snippet":"max-snippet:-1","max-image-preview":"max-image-preview:large","max-video-preview":"max-video-preview:-1"},"canonical":"https:\/\/www.criserb.com\/blog\/demolarea-cladirii-din-spatele-blocului-cu-coloane-din-romana\/","twitter_misc":{"Written by":"criserb","Est. reading time":"1 minute"},"schema":{"@context":"https:\/\/schema.org","@graph":[{"@type":"Article","@id":"https:\/\/www.criserb.com\/blog\/demolarea-cladirii-din-spatele-blocului-cu-coloane-din-romana\/#article","isPartOf":{"@id":"https:\/\/www.criserb.com\/blog\/demolarea-cladirii-din-spatele-blocului-cu-coloane-din-romana\/"},"author":{"name":"criserb","@id":"https:\/\/www.criserb.com\/blog\/#\/schema\/person\/8df5199bda4e628c32a10f318d8602b5"},"headline":"Demolarea cl\u0103dirii din spatele blocului cu &#8220;coloane&#8221; din Roman\u0103","datePublished":"2019-10-25T09:21:57+00:00","dateModified":"2019-10-25T09:22:00+00:00","mainEntityOfPage":{"@id":"https:\/\/www.criserb.com\/blog\/demolarea-cladirii-din-spatele-blocului-cu-coloane-din-romana\/"},"wordCount":150,"commentCount":2,"publisher":{"@id":"https:\/\/www.criserb.com\/blog\/#\/schema\/person\/8df5199bda4e628c32a10f318d8602b5"},"image":{"@id":"https:\/\/www.criserb.com\/blog\/demolarea-cladirii-din-spatele-blocului-cu-coloane-din-romana\/#primaryimage"},"thumbnailUrl":"https:\/\/www.criserb.com\/blog\/poze\/2019\/10\/20191025_095207.jpg","keywords":["Demolare","Sheraton"],"articleSection":["Bucuresti"],"inLanguage":"en-US","potentialAction":[{"@type":"CommentAction","name":"Comment","target":["https:\/\/www.criserb.com\/blog\/demolarea-cladirii-din-spatele-blocului-cu-coloane-din-romana\/#respond"]}]},{"@type":"WebPage","@id":"https:\/\/www.criserb.com\/blog\/demolarea-cladirii-din-spatele-blocului-cu-coloane-din-romana\/","url":"https:\/\/www.criserb.com\/blog\/demolarea-cladirii-din-spatele-blocului-cu-coloane-din-romana\/","name":"Demolarea cl\u0103dirii din spatele blocului cu \"coloane\" din Roman\u0103","isPartOf":{"@id":"https:\/\/www.criserb.com\/blog\/#website"},"primaryImageOfPage":{"@id":"https:\/\/www.criserb.com\/blog\/demolarea-cladirii-din-spatele-blocului-cu-coloane-din-romana\/#primaryimage"},"image":{"@id":"https:\/\/www.criserb.com\/blog\/demolarea-cladirii-din-spatele-blocului-cu-coloane-din-romana\/#primaryimage"},"thumbnailUrl":"https:\/\/www.criserb.com\/blog\/poze\/2019\/10\/20191025_095207.jpg","datePublished":"2019-10-25T09:21:57+00:00","dateModified":"2019-10-25T09:22:00+00:00","breadcrumb":{"@id":"https:\/\/www.criserb.com\/blog\/demolarea-cladirii-din-spatele-blocului-cu-coloane-din-romana\/#breadcrumb"},"inLanguage":"en-US","potentialAction":[{"@type":"ReadAction","target":["https:\/\/www.criserb.com\/blog\/demolarea-cladirii-din-spatele-blocului-cu-coloane-din-romana\/"]}]},{"@type":"ImageObject","inLanguage":"en-US","@id":"https:\/\/www.criserb.com\/blog\/demolarea-cladirii-din-spatele-blocului-cu-coloane-din-romana\/#primaryimage","url":"https:\/\/www.criserb.com\/blog\/poze\/2019\/10\/20191025_095207.jpg","contentUrl":"https:\/\/www.criserb.com\/blog\/poze\/2019\/10\/20191025_095207.jpg","width":1283,"height":962},{"@type":"BreadcrumbList","@id":"https:\/\/www.criserb.com\/blog\/demolarea-cladirii-din-spatele-blocului-cu-coloane-din-romana\/#breadcrumb","itemListElement":[{"@type":"ListItem","position":1,"name":"Home","item":"https:\/\/www.criserb.com\/blog\/"},{"@type":"ListItem","position":2,"name":"Demolarea cl\u0103dirii din spatele blocului cu &#8220;coloane&#8221; din Roman\u0103"}]},{"@type":"WebSite","@id":"https:\/\/www.criserb.com\/blog\/#website","url":"https:\/\/www.criserb.com\/blog\/","name":"criserb.com","description":"Nimic ce merita citit :)","publisher":{"@id":"https:\/\/www.criserb.com\/blog\/#\/schema\/person\/8df5199bda4e628c32a10f318d8602b5"},"potentialAction":[{"@type":"SearchAction","target":{"@type":"EntryPoint","urlTemplate":"https:\/\/www.criserb.com\/blog\/?s={search_term_string}"},"query-input":{"@type":"PropertyValueSpecification","valueRequired":true,"valueName":"search_term_string"}}],"inLanguage":"en-US"},{"@type":["Person","Organization"],"@id":"https:\/\/www.criserb.com\/blog\/#\/schema\/person\/8df5199bda4e628c32a10f318d8602b5","name":"criserb","image":{"@type":"ImageObject","inLanguage":"en-US","@id":"https:\/\/www.criserb.com\/blog\/#\/schema\/person\/image\/","url":"http:\/\/0.gravatar.com\/avatar\/fdb6cca710f39545f0c4b5b936c390b4?s=96&d=monsterid&r=pg","contentUrl":"http:\/\/0.gravatar.com\/avatar\/fdb6cca710f39545f0c4b5b936c390b4?s=96&d=monsterid&r=pg","caption":"criserb"},"logo":{"@id":"https:\/\/www.criserb.com\/blog\/#\/schema\/person\/image\/"},"sameAs":["http:\/\/www.criserb.com"],"url":"https:\/\/www.criserb.com\/blog\/author\/criserb\/"}]}},"_links":{"self":[{"href":"https:\/\/www.criserb.com\/blog\/wp-json\/wp\/v2\/posts\/34252"}],"collection":[{"href":"https:\/\/www.criserb.com\/blog\/wp-json\/wp\/v2\/posts"}],"about":[{"href":"https:\/\/www.criserb.com\/blog\/wp-json\/wp\/v2\/types\/post"}],"author":[{"embeddable":true,"href":"https:\/\/www.criserb.com\/blog\/wp-json\/wp\/v2\/users\/3"}],"replies":[{"embeddable":true,"href":"https:\/\/www.criserb.com\/blog\/wp-json\/wp\/v2\/comments?post=34252"}],"version-history":[{"count":0,"href":"https:\/\/www.criserb.com\/blog\/wp-json\/wp\/v2\/posts\/34252\/revisions"}],"wp:featuredmedia":[{"embeddable":true,"href":"https:\/\/www.criserb.com\/blog\/wp-json\/wp\/v2\/media\/34260"}],"wp:attachment":[{"href":"https:\/\/www.criserb.com\/blog\/wp-json\/wp\/v2\/media?parent=34252"}],"wp:term":[{"taxonomy":"category","embeddable":true,"href":"https:\/\/www.criserb.com\/blog\/wp-json\/wp\/v2\/categories?post=34252"},{"taxonomy":"post_tag","embeddable":true,"href":"https:\/\/www.criserb.com\/blog\/wp-json\/wp\/v2\/tags?post=34252"}],"curies":[{"name":"wp","href":"https:\/\/api.w.org\/{rel}","templated":true}]}}