{"id":34677,"date":"2023-03-07T12:00:52","date_gmt":"2023-03-07T10:00:52","guid":{"rendered":"https:\/\/www.criserb.com\/blog\/?p=34677"},"modified":"2023-03-07T14:59:12","modified_gmt":"2023-03-07T12:59:12","slug":"problema-cu-casele-de-marcat-de-la-auchan","status":"publish","type":"post","link":"https:\/\/www.criserb.com\/blog\/problema-cu-casele-de-marcat-de-la-auchan\/","title":{"rendered":"Problema cu casele de marcat de la Auchan"},"content":{"rendered":"<p><img loading=\"lazy\" decoding=\"async\" class=\"aligncenter size-full wp-image-34678\" src=\"https:\/\/www.criserb.com\/blog\/poze\/2023\/03\/casa_plata_diy_auchan.jpg\" alt=\"\" width=\"1024\" height=\"768\" srcset=\"https:\/\/www.criserb.com\/blog\/poze\/2023\/03\/casa_plata_diy_auchan.jpg 1024w, https:\/\/www.criserb.com\/blog\/poze\/2023\/03\/casa_plata_diy_auchan-300x225.jpg 300w, https:\/\/www.criserb.com\/blog\/poze\/2023\/03\/casa_plata_diy_auchan-768x576.jpg 768w\" sizes=\"(max-width: 1024px) 100vw, 1024px\" \/><\/p>\n<p>Nu cred c\u0103 este cineva care n-a auzit de problema caselor de marcat de la Auchan. \u00cen caz c\u0103 n-a\u021bi auzit v\u0103 zic eu imediat.<\/p>\n<p>Conducerea Auchan a luat decizia s\u0103 fac\u0103 un experiment \u0219i \u00een 10 magazine s\u0103 scoat\u0103 casele de marcat cu casieri \u0219i s\u0103 introduc\u0103 numai case de marcat self service.<\/p>\n<p>Lumea s-a sup\u0103rat tare de tot \u0219i au \u00eenceput s\u0103 &#8220;arunce&#8221; cu de toate \u00een Auchan. C\u0103-s de c\u0103cat, c\u0103 nu le mai trec pragul c\u0103 bla bla.<\/p>\n<p>Hai s\u0103 v\u0103 zic eu cum v\u0103d lucrurile.<\/p>\n<p>Cu toate c\u0103 de c\u00e2te ori am ocazia, la Mega \u0219i la Kaufland eu folosesc numai aceste case self service, cred c\u0103 decizia Auchan este \u0219i nu este bun\u0103. Este bun\u0103 pentru c\u0103 acesta este viitorul, sunt \u021b\u0103ri \u00een care chestia asta este implementat\u0103 de mult \u0219i totul este ok, sunt oameni care le folosesc deja \u00eentr-o propor\u021bie destul de mare, dar sunt \u0219i persoane care \u00eenc\u0103 \u00ee\u0219i scot salariul de la bancomant cum le intr\u0103 pe card \u0219i pentru ace\u0219ti o s\u0103 fie greu. De fapt cred c\u0103 exact \u0103\u0219tia sunt cei care fac scandal.<\/p>\n<p>Sunt oameni care merg la supermarket doar ca s\u0103 se bage \u00een seam\u0103 cu cineva, c\u0103 altfel nu prea au cu cine interac\u021biona. Sunt \u0219i astfel de oameni.<\/p>\n<p>Mai sunt ce care nu se pricep cu tehnologia, c\u0103 deh, nimeni nu este obligat s\u0103 iubeasc\u0103 tot ceea ce e nou. N-au un background \u00een spate care s\u0103-i fac\u0103 s\u0103 se apropie de tehnologie \u0219i lor o s\u0103 le fie greu sau chiar imposibil s\u0103 &#8220;vorbeasc\u0103&#8221; cu o cas\u0103 de marcat.<\/p>\n<p>\u0218i mai sunt problemele acestor case, probleme care \u00eenc\u0103 sunt. De cele mai multe ori trebuie s\u0103 chem pe cineva c\u00e2nd casa de marcat d\u0103 c\u00e2te o eroare \u0219i atunci lumea este descurajat\u0103 s\u0103 le foloseasc\u0103.<\/p>\n<p>Nu \u00een ultimul r\u00e2nd e faptul c\u0103 vorbim de un supermarket unde \u00een general lumea are multe produse de scanat \u0219i cu c\u00e2t mai multe cu at\u00e2t e mai mare riscul s\u0103 apar\u0103 o problem\u0103. \u0218i chiar dac\u0103 nu apare, dac\u0103 totul merge \u0219nur, o s\u0103 dureze foarte mult ca fiecare s\u0103-\u0219i scaneze produsele (update: se pare c\u0103 au aplica\u021bie \u0219i po\u021bi scana produsele pe m\u0103sur\u0103 ce le pui \u00een co\u0219, deci \u0103sta nu mai e chiar un minus), nu ne putem compara noi, consumatorii cu casierele care au alt\u0103 dexteritate \u0219i totul merge repede.<\/p>\n<p>\u00cen concluzie, eu cred c\u0103 ceea ce a f\u0103cut Auchan e cam devreme. Puteau s\u0103 fac\u0103 treaba asta par\u021bial\u0103, nu \u00een totalitate.<\/p>\n<p>Dar cumva e problema loc, nu a noastr\u0103 a consumatorilor. Noi putem s\u0103 mergem s\u0103 cump\u0103r\u0103m de la un alt supermarket dac\u0103 nu ne place s\u0103 ne scan\u0103m singuri produsele.<\/p>\n<p>Apoi intervin partidele care vor s\u0103-\u0219i mai c\u00e2\u0219tige capital electoral \u0219i dau tot felul de declara\u021bii f\u0103r\u0103 sens. Cum c\u0103 o s\u0103-i impoziteze pentru fiecare astfel de cas\u0103 de marcat, c\u0103 vezi Doamne, dac\u0103 Auchan concediaz\u0103 angaja\u021bii statul nu-\u0219i mai ia impozitele aferente, bla bla.<\/p>\n<p>\u0218i atunci de ce n-au f\u0103cut acela\u0219i lucru cu sp\u0103l\u0103toriile auto self service? Acolo de ce n-au impozitat pentru fiecare loc c\u0103 tot singuri ne sp\u0103l\u0103m ma\u0219inile \u0219i nu ne ajut\u0103 nimeni? Sau pentru chestiile pe care le facem online c\u0103 \u0219i de acolo ni\u0219te oameni \u0219i-au pierdut locul de munc\u0103? Sau pe cei de la ghi\u0219eul.ro de ce nu-i impoziteaz\u0103 c\u0103 ne putem pl\u0103ti tot felul de chestii de capul nostru \u0219i nu trebuie s\u0103 mai interac\u021bion\u0103m cu func\u021bionarii din institu\u021biile statului? \u0218i lista poate continua p\u00e2n\u0103 la nesf\u00e2r\u0219it.<\/p>\n<p>Acesta este viitorul \u0219i cu sau f\u0103r\u0103 casele de marcat de la Auchan acolo o s\u0103 se ajung\u0103. Mai devreme sau mai t\u00e2rziu, fie ca ne place fie c\u0103 nu.<\/p>\n<hr \/>\n<p>F\u0103r\u0103 leg\u0103tur\u0103 cu textul articolului, am c\u0103utat \u0219i eu o poz\u0103 s\u0103 o pun ca thumbnail \u0219i ajung <a href=\"https:\/\/www.dailybusiness.ro\/stiri-interne\/fara-casieri-la-auchan-retailerul-vrea-sa-implementeze-case-de-marcat-100-self-service-ce-se-va-alege-de-angajati-331678\/\" target=\"_blank\" rel=\"noopener\">aici<\/a> de unde iau poza. Pun poza \u00een articol \u0219i v\u0103d c\u0103 pe ea scrie destul de clar <a href=\"https:\/\/www.nwradu.ro\/\" target=\"_blank\" rel=\"noopener\">nwradu<\/a>. Cam a\u0219a func\u021bioneaz\u0103 treburile la noi, iei poza altuia, o afi\u0219ezi par\u021bial \u0219i nimeni nu \u0219tie nimic.<\/p>\n","protected":false},"excerpt":{"rendered":"<p>Nu cred c\u0103 este cineva care n-a auzit de problema caselor de marcat de la Auchan. \u00cen caz c\u0103 n-a\u021bi auzit v\u0103 zic eu imediat. Conducerea Auchan a luat decizia s\u0103 fac\u0103 un experiment \u0219i \u00een 10 magazine s\u0103 scoat\u0103 casele de marcat cu casieri \u0219i s\u0103 introduc\u0103 numai case de marcat self service. Lumea&hellip;<\/p>\n","protected":false},"author":3,"featured_media":34678,"comment_status":"open","ping_status":"open","sticky":false,"template":"","format":"standard","meta":{"footnotes":""},"categories":[14],"tags":[],"yoast_head":"<!-- This site is optimized with the Yoast SEO plugin v24.5 - https:\/\/yoast.com\/wordpress\/plugins\/seo\/ -->\n<title>Problema cu casele de marcat de la Auchan<\/title>\n<meta name=\"robots\" content=\"index, follow, max-snippet:-1, max-image-preview:large, max-video-preview:-1\" \/>\n<link rel=\"canonical\" href=\"https:\/\/www.criserb.com\/blog\/problema-cu-casele-de-marcat-de-la-auchan\/\" \/>\n<meta name=\"twitter:label1\" content=\"Written by\" \/>\n\t<meta name=\"twitter:data1\" content=\"criserb\" \/>\n\t<meta name=\"twitter:label2\" content=\"Est. reading time\" \/>\n\t<meta name=\"twitter:data2\" content=\"4 minutes\" \/>\n<script type=\"application\/ld+json\" class=\"yoast-schema-graph\">{\"@context\":\"https:\/\/schema.org\",\"@graph\":[{\"@type\":\"Article\",\"@id\":\"https:\/\/www.criserb.com\/blog\/problema-cu-casele-de-marcat-de-la-auchan\/#article\",\"isPartOf\":{\"@id\":\"https:\/\/www.criserb.com\/blog\/problema-cu-casele-de-marcat-de-la-auchan\/\"},\"author\":{\"name\":\"criserb\",\"@id\":\"https:\/\/www.criserb.com\/blog\/#\/schema\/person\/8df5199bda4e628c32a10f318d8602b5\"},\"headline\":\"Problema cu casele de marcat de la Auchan\",\"datePublished\":\"2023-03-07T10:00:52+00:00\",\"dateModified\":\"2023-03-07T12:59:12+00:00\",\"mainEntityOfPage\":{\"@id\":\"https:\/\/www.criserb.com\/blog\/problema-cu-casele-de-marcat-de-la-auchan\/\"},\"wordCount\":736,\"commentCount\":0,\"publisher\":{\"@id\":\"https:\/\/www.criserb.com\/blog\/#\/schema\/person\/8df5199bda4e628c32a10f318d8602b5\"},\"image\":{\"@id\":\"https:\/\/www.criserb.com\/blog\/problema-cu-casele-de-marcat-de-la-auchan\/#primaryimage\"},\"thumbnailUrl\":\"https:\/\/www.criserb.com\/blog\/poze\/2023\/03\/casa_plata_diy_auchan.jpg\",\"articleSection\":[\"Shopping\"],\"inLanguage\":\"en-US\",\"potentialAction\":[{\"@type\":\"CommentAction\",\"name\":\"Comment\",\"target\":[\"https:\/\/www.criserb.com\/blog\/problema-cu-casele-de-marcat-de-la-auchan\/#respond\"]}]},{\"@type\":\"WebPage\",\"@id\":\"https:\/\/www.criserb.com\/blog\/problema-cu-casele-de-marcat-de-la-auchan\/\",\"url\":\"https:\/\/www.criserb.com\/blog\/problema-cu-casele-de-marcat-de-la-auchan\/\",\"name\":\"Problema cu casele de marcat de la Auchan\",\"isPartOf\":{\"@id\":\"https:\/\/www.criserb.com\/blog\/#website\"},\"primaryImageOfPage\":{\"@id\":\"https:\/\/www.criserb.com\/blog\/problema-cu-casele-de-marcat-de-la-auchan\/#primaryimage\"},\"image\":{\"@id\":\"https:\/\/www.criserb.com\/blog\/problema-cu-casele-de-marcat-de-la-auchan\/#primaryimage\"},\"thumbnailUrl\":\"https:\/\/www.criserb.com\/blog\/poze\/2023\/03\/casa_plata_diy_auchan.jpg\",\"datePublished\":\"2023-03-07T10:00:52+00:00\",\"dateModified\":\"2023-03-07T12:59:12+00:00\",\"breadcrumb\":{\"@id\":\"https:\/\/www.criserb.com\/blog\/problema-cu-casele-de-marcat-de-la-auchan\/#breadcrumb\"},\"inLanguage\":\"en-US\",\"potentialAction\":[{\"@type\":\"ReadAction\",\"target\":[\"https:\/\/www.criserb.com\/blog\/problema-cu-casele-de-marcat-de-la-auchan\/\"]}]},{\"@type\":\"ImageObject\",\"inLanguage\":\"en-US\",\"@id\":\"https:\/\/www.criserb.com\/blog\/problema-cu-casele-de-marcat-de-la-auchan\/#primaryimage\",\"url\":\"https:\/\/www.criserb.com\/blog\/poze\/2023\/03\/casa_plata_diy_auchan.jpg\",\"contentUrl\":\"https:\/\/www.criserb.com\/blog\/poze\/2023\/03\/casa_plata_diy_auchan.jpg\",\"width\":1024,\"height\":768},{\"@type\":\"BreadcrumbList\",\"@id\":\"https:\/\/www.criserb.com\/blog\/problema-cu-casele-de-marcat-de-la-auchan\/#breadcrumb\",\"itemListElement\":[{\"@type\":\"ListItem\",\"position\":1,\"name\":\"Home\",\"item\":\"https:\/\/www.criserb.com\/blog\/\"},{\"@type\":\"ListItem\",\"position\":2,\"name\":\"Problema cu casele de marcat de la Auchan\"}]},{\"@type\":\"WebSite\",\"@id\":\"https:\/\/www.criserb.com\/blog\/#website\",\"url\":\"https:\/\/www.criserb.com\/blog\/\",\"name\":\"criserb.com\",\"description\":\"Nimic ce merita citit :)\",\"publisher\":{\"@id\":\"https:\/\/www.criserb.com\/blog\/#\/schema\/person\/8df5199bda4e628c32a10f318d8602b5\"},\"potentialAction\":[{\"@type\":\"SearchAction\",\"target\":{\"@type\":\"EntryPoint\",\"urlTemplate\":\"https:\/\/www.criserb.com\/blog\/?s={search_term_string}\"},\"query-input\":{\"@type\":\"PropertyValueSpecification\",\"valueRequired\":true,\"valueName\":\"search_term_string\"}}],\"inLanguage\":\"en-US\"},{\"@type\":[\"Person\",\"Organization\"],\"@id\":\"https:\/\/www.criserb.com\/blog\/#\/schema\/person\/8df5199bda4e628c32a10f318d8602b5\",\"name\":\"criserb\",\"image\":{\"@type\":\"ImageObject\",\"inLanguage\":\"en-US\",\"@id\":\"https:\/\/www.criserb.com\/blog\/#\/schema\/person\/image\/\",\"url\":\"http:\/\/0.gravatar.com\/avatar\/fdb6cca710f39545f0c4b5b936c390b4?s=96&d=monsterid&r=pg\",\"contentUrl\":\"http:\/\/0.gravatar.com\/avatar\/fdb6cca710f39545f0c4b5b936c390b4?s=96&d=monsterid&r=pg\",\"caption\":\"criserb\"},\"logo\":{\"@id\":\"https:\/\/www.criserb.com\/blog\/#\/schema\/person\/image\/\"},\"sameAs\":[\"http:\/\/www.criserb.com\"],\"url\":\"https:\/\/www.criserb.com\/blog\/author\/criserb\/\"}]}<\/script>\n<!-- \/ Yoast SEO plugin. -->","yoast_head_json":{"title":"Problema cu casele de marcat de la Auchan","robots":{"index":"index","follow":"follow","max-snippet":"max-snippet:-1","max-image-preview":"max-image-preview:large","max-video-preview":"max-video-preview:-1"},"canonical":"https:\/\/www.criserb.com\/blog\/problema-cu-casele-de-marcat-de-la-auchan\/","twitter_misc":{"Written by":"criserb","Est. reading time":"4 minutes"},"schema":{"@context":"https:\/\/schema.org","@graph":[{"@type":"Article","@id":"https:\/\/www.criserb.com\/blog\/problema-cu-casele-de-marcat-de-la-auchan\/#article","isPartOf":{"@id":"https:\/\/www.criserb.com\/blog\/problema-cu-casele-de-marcat-de-la-auchan\/"},"author":{"name":"criserb","@id":"https:\/\/www.criserb.com\/blog\/#\/schema\/person\/8df5199bda4e628c32a10f318d8602b5"},"headline":"Problema cu casele de marcat de la Auchan","datePublished":"2023-03-07T10:00:52+00:00","dateModified":"2023-03-07T12:59:12+00:00","mainEntityOfPage":{"@id":"https:\/\/www.criserb.com\/blog\/problema-cu-casele-de-marcat-de-la-auchan\/"},"wordCount":736,"commentCount":0,"publisher":{"@id":"https:\/\/www.criserb.com\/blog\/#\/schema\/person\/8df5199bda4e628c32a10f318d8602b5"},"image":{"@id":"https:\/\/www.criserb.com\/blog\/problema-cu-casele-de-marcat-de-la-auchan\/#primaryimage"},"thumbnailUrl":"https:\/\/www.criserb.com\/blog\/poze\/2023\/03\/casa_plata_diy_auchan.jpg","articleSection":["Shopping"],"inLanguage":"en-US","potentialAction":[{"@type":"CommentAction","name":"Comment","target":["https:\/\/www.criserb.com\/blog\/problema-cu-casele-de-marcat-de-la-auchan\/#respond"]}]},{"@type":"WebPage","@id":"https:\/\/www.criserb.com\/blog\/problema-cu-casele-de-marcat-de-la-auchan\/","url":"https:\/\/www.criserb.com\/blog\/problema-cu-casele-de-marcat-de-la-auchan\/","name":"Problema cu casele de marcat de la Auchan","isPartOf":{"@id":"https:\/\/www.criserb.com\/blog\/#website"},"primaryImageOfPage":{"@id":"https:\/\/www.criserb.com\/blog\/problema-cu-casele-de-marcat-de-la-auchan\/#primaryimage"},"image":{"@id":"https:\/\/www.criserb.com\/blog\/problema-cu-casele-de-marcat-de-la-auchan\/#primaryimage"},"thumbnailUrl":"https:\/\/www.criserb.com\/blog\/poze\/2023\/03\/casa_plata_diy_auchan.jpg","datePublished":"2023-03-07T10:00:52+00:00","dateModified":"2023-03-07T12:59:12+00:00","breadcrumb":{"@id":"https:\/\/www.criserb.com\/blog\/problema-cu-casele-de-marcat-de-la-auchan\/#breadcrumb"},"inLanguage":"en-US","potentialAction":[{"@type":"ReadAction","target":["https:\/\/www.criserb.com\/blog\/problema-cu-casele-de-marcat-de-la-auchan\/"]}]},{"@type":"ImageObject","inLanguage":"en-US","@id":"https:\/\/www.criserb.com\/blog\/problema-cu-casele-de-marcat-de-la-auchan\/#primaryimage","url":"https:\/\/www.criserb.com\/blog\/poze\/2023\/03\/casa_plata_diy_auchan.jpg","contentUrl":"https:\/\/www.criserb.com\/blog\/poze\/2023\/03\/casa_plata_diy_auchan.jpg","width":1024,"height":768},{"@type":"BreadcrumbList","@id":"https:\/\/www.criserb.com\/blog\/problema-cu-casele-de-marcat-de-la-auchan\/#breadcrumb","itemListElement":[{"@type":"ListItem","position":1,"name":"Home","item":"https:\/\/www.criserb.com\/blog\/"},{"@type":"ListItem","position":2,"name":"Problema cu casele de marcat de la Auchan"}]},{"@type":"WebSite","@id":"https:\/\/www.criserb.com\/blog\/#website","url":"https:\/\/www.criserb.com\/blog\/","name":"criserb.com","description":"Nimic ce merita citit :)","publisher":{"@id":"https:\/\/www.criserb.com\/blog\/#\/schema\/person\/8df5199bda4e628c32a10f318d8602b5"},"potentialAction":[{"@type":"SearchAction","target":{"@type":"EntryPoint","urlTemplate":"https:\/\/www.criserb.com\/blog\/?s={search_term_string}"},"query-input":{"@type":"PropertyValueSpecification","valueRequired":true,"valueName":"search_term_string"}}],"inLanguage":"en-US"},{"@type":["Person","Organization"],"@id":"https:\/\/www.criserb.com\/blog\/#\/schema\/person\/8df5199bda4e628c32a10f318d8602b5","name":"criserb","image":{"@type":"ImageObject","inLanguage":"en-US","@id":"https:\/\/www.criserb.com\/blog\/#\/schema\/person\/image\/","url":"http:\/\/0.gravatar.com\/avatar\/fdb6cca710f39545f0c4b5b936c390b4?s=96&d=monsterid&r=pg","contentUrl":"http:\/\/0.gravatar.com\/avatar\/fdb6cca710f39545f0c4b5b936c390b4?s=96&d=monsterid&r=pg","caption":"criserb"},"logo":{"@id":"https:\/\/www.criserb.com\/blog\/#\/schema\/person\/image\/"},"sameAs":["http:\/\/www.criserb.com"],"url":"https:\/\/www.criserb.com\/blog\/author\/criserb\/"}]}},"_links":{"self":[{"href":"https:\/\/www.criserb.com\/blog\/wp-json\/wp\/v2\/posts\/34677"}],"collection":[{"href":"https:\/\/www.criserb.com\/blog\/wp-json\/wp\/v2\/posts"}],"about":[{"href":"https:\/\/www.criserb.com\/blog\/wp-json\/wp\/v2\/types\/post"}],"author":[{"embeddable":true,"href":"https:\/\/www.criserb.com\/blog\/wp-json\/wp\/v2\/users\/3"}],"replies":[{"embeddable":true,"href":"https:\/\/www.criserb.com\/blog\/wp-json\/wp\/v2\/comments?post=34677"}],"version-history":[{"count":0,"href":"https:\/\/www.criserb.com\/blog\/wp-json\/wp\/v2\/posts\/34677\/revisions"}],"wp:featuredmedia":[{"embeddable":true,"href":"https:\/\/www.criserb.com\/blog\/wp-json\/wp\/v2\/media\/34678"}],"wp:attachment":[{"href":"https:\/\/www.criserb.com\/blog\/wp-json\/wp\/v2\/media?parent=34677"}],"wp:term":[{"taxonomy":"category","embeddable":true,"href":"https:\/\/www.criserb.com\/blog\/wp-json\/wp\/v2\/categories?post=34677"},{"taxonomy":"post_tag","embeddable":true,"href":"https:\/\/www.criserb.com\/blog\/wp-json\/wp\/v2\/tags?post=34677"}],"curies":[{"name":"wp","href":"https:\/\/api.w.org\/{rel}","templated":true}]}}