{"id":34687,"date":"2023-03-11T10:13:29","date_gmt":"2023-03-11T08:13:29","guid":{"rendered":"https:\/\/www.criserb.com\/blog\/?p=34687"},"modified":"2023-03-11T10:13:29","modified_gmt":"2023-03-11T08:13:29","slug":"structura-anului-scolar-2023-2024","status":"publish","type":"post","link":"https:\/\/www.criserb.com\/blog\/structura-anului-scolar-2023-2024\/","title":{"rendered":"Structura anului \u0219colar 2023-2024"},"content":{"rendered":"<p>Ministerul Educa\u021biei a publicat structura anului \u0219colar 2023-2024.<\/p>\n<p>Se pare c\u0103 \u0219coala o s\u0103 \u00eenceap\u0103 pe 11 septembrie 2023 (cam devreme p\u0103rerea mea, mai mergea o s\u0103pt\u0103m\u00e2n\u0103) \u0219i o s\u0103 se termine \u00een 21 iunie 2024.<\/p>\n<p>O s\u0103 fie 4 vacan\u021be dup\u0103 cum se vede mai jos \u0219i vacan\u021ba de schi o s\u0103 fie la fel ca anul acesta aleas\u0103 de fiecare jude\u021b \u00een parte. Asta-i o idee bun\u0103, zic eu.<\/p>\n<p>&nbsp;<\/p>\n<p><a href=\"https:\/\/www.criserb.com\/blog\/poze\/2023\/03\/structura-anului-scolar-2023-2024.jpg\" data-lbwps-width=\"860\" data-lbwps-height=\"519\" data-lbwps-srcsmall=\"https:\/\/www.criserb.com\/blog\/poze\/2023\/03\/structura-anului-scolar-2023-2024-300x181.jpg\"><img loading=\"lazy\" decoding=\"async\" class=\"aligncenter size-full wp-image-34688\" src=\"https:\/\/www.criserb.com\/blog\/poze\/2023\/03\/structura-anului-scolar-2023-2024.jpg\" alt=\"\" width=\"860\" height=\"519\" srcset=\"https:\/\/www.criserb.com\/blog\/poze\/2023\/03\/structura-anului-scolar-2023-2024.jpg 860w, https:\/\/www.criserb.com\/blog\/poze\/2023\/03\/structura-anului-scolar-2023-2024-300x181.jpg 300w, https:\/\/www.criserb.com\/blog\/poze\/2023\/03\/structura-anului-scolar-2023-2024-768x463.jpg 768w\" sizes=\"(max-width: 860px) 100vw, 860px\" \/><\/a><\/p>\n<p>Via <a href=\"https:\/\/www.cronica.ro\/ins-investitiile-realizate-in-economia-romaniei-au-depasit-150-de-miliarde-de-lei-anul-trecut-cresterea-fiind-de-85-cronica-serii\/\" target=\"_blank\" rel=\"noopener\">cronica.ro<\/a>, via <a href=\"https:\/\/www.news.ro\/social\/ministrul-educatiei-a-semnat-ordinul-privind-structura-anului-scolar-2023-2024-vacanta-de-primavara-va-include-perioada-pastelui-1922402210372023031221051107\" target=\"_blank\" rel=\"noopener\">news.ro<\/a><\/p>\n","protected":false},"excerpt":{"rendered":"<p>Ministerul Educa\u021biei a publicat structura anului \u0219colar 2023-2024. Se pare c\u0103 \u0219coala o s\u0103 \u00eenceap\u0103 pe 11 septembrie 2023 (cam devreme p\u0103rerea mea, mai mergea o s\u0103pt\u0103m\u00e2n\u0103) \u0219i o s\u0103 se termine \u00een 21 iunie 2024. O s\u0103 fie 4 vacan\u021be dup\u0103 cum se vede mai jos \u0219i vacan\u021ba de schi o s\u0103 fie la&hellip;<\/p>\n","protected":false},"author":3,"featured_media":34688,"comment_status":"open","ping_status":"open","sticky":false,"template":"","format":"standard","meta":{"footnotes":""},"categories":[7802],"tags":[7804,7805,7803],"yoast_head":"<!-- This site is optimized with the Yoast SEO plugin v24.5 - https:\/\/yoast.com\/wordpress\/plugins\/seo\/ -->\n<title>Structura anului \u0219colar 2023-2024<\/title>\n<meta name=\"robots\" content=\"index, follow, max-snippet:-1, max-image-preview:large, max-video-preview:-1\" \/>\n<link rel=\"canonical\" href=\"https:\/\/www.criserb.com\/blog\/structura-anului-scolar-2023-2024\/\" \/>\n<meta name=\"twitter:label1\" content=\"Written by\" \/>\n\t<meta name=\"twitter:data1\" content=\"criserb\" \/>\n\t<meta name=\"twitter:label2\" content=\"Est. reading time\" \/>\n\t<meta name=\"twitter:data2\" content=\"1 minute\" \/>\n<script type=\"application\/ld+json\" class=\"yoast-schema-graph\">{\"@context\":\"https:\/\/schema.org\",\"@graph\":[{\"@type\":\"Article\",\"@id\":\"https:\/\/www.criserb.com\/blog\/structura-anului-scolar-2023-2024\/#article\",\"isPartOf\":{\"@id\":\"https:\/\/www.criserb.com\/blog\/structura-anului-scolar-2023-2024\/\"},\"author\":{\"name\":\"criserb\",\"@id\":\"https:\/\/www.criserb.com\/blog\/#\/schema\/person\/8df5199bda4e628c32a10f318d8602b5\"},\"headline\":\"Structura anului \u0219colar 2023-2024\",\"datePublished\":\"2023-03-11T08:13:29+00:00\",\"mainEntityOfPage\":{\"@id\":\"https:\/\/www.criserb.com\/blog\/structura-anului-scolar-2023-2024\/\"},\"wordCount\":84,\"commentCount\":2,\"publisher\":{\"@id\":\"https:\/\/www.criserb.com\/blog\/#\/schema\/person\/8df5199bda4e628c32a10f318d8602b5\"},\"image\":{\"@id\":\"https:\/\/www.criserb.com\/blog\/structura-anului-scolar-2023-2024\/#primaryimage\"},\"thumbnailUrl\":\"https:\/\/www.criserb.com\/blog\/poze\/2023\/03\/structura-anului-scolar-2023-2024.jpg\",\"keywords\":[\"2023\",\"2024\",\"An \u0219colar\"],\"articleSection\":[\"Scoal\u0103\"],\"inLanguage\":\"en-US\",\"potentialAction\":[{\"@type\":\"CommentAction\",\"name\":\"Comment\",\"target\":[\"https:\/\/www.criserb.com\/blog\/structura-anului-scolar-2023-2024\/#respond\"]}]},{\"@type\":\"WebPage\",\"@id\":\"https:\/\/www.criserb.com\/blog\/structura-anului-scolar-2023-2024\/\",\"url\":\"https:\/\/www.criserb.com\/blog\/structura-anului-scolar-2023-2024\/\",\"name\":\"Structura anului \u0219colar 2023-2024\",\"isPartOf\":{\"@id\":\"https:\/\/www.criserb.com\/blog\/#website\"},\"primaryImageOfPage\":{\"@id\":\"https:\/\/www.criserb.com\/blog\/structura-anului-scolar-2023-2024\/#primaryimage\"},\"image\":{\"@id\":\"https:\/\/www.criserb.com\/blog\/structura-anului-scolar-2023-2024\/#primaryimage\"},\"thumbnailUrl\":\"https:\/\/www.criserb.com\/blog\/poze\/2023\/03\/structura-anului-scolar-2023-2024.jpg\",\"datePublished\":\"2023-03-11T08:13:29+00:00\",\"breadcrumb\":{\"@id\":\"https:\/\/www.criserb.com\/blog\/structura-anului-scolar-2023-2024\/#breadcrumb\"},\"inLanguage\":\"en-US\",\"potentialAction\":[{\"@type\":\"ReadAction\",\"target\":[\"https:\/\/www.criserb.com\/blog\/structura-anului-scolar-2023-2024\/\"]}]},{\"@type\":\"ImageObject\",\"inLanguage\":\"en-US\",\"@id\":\"https:\/\/www.criserb.com\/blog\/structura-anului-scolar-2023-2024\/#primaryimage\",\"url\":\"https:\/\/www.criserb.com\/blog\/poze\/2023\/03\/structura-anului-scolar-2023-2024.jpg\",\"contentUrl\":\"https:\/\/www.criserb.com\/blog\/poze\/2023\/03\/structura-anului-scolar-2023-2024.jpg\",\"width\":860,\"height\":519},{\"@type\":\"BreadcrumbList\",\"@id\":\"https:\/\/www.criserb.com\/blog\/structura-anului-scolar-2023-2024\/#breadcrumb\",\"itemListElement\":[{\"@type\":\"ListItem\",\"position\":1,\"name\":\"Home\",\"item\":\"https:\/\/www.criserb.com\/blog\/\"},{\"@type\":\"ListItem\",\"position\":2,\"name\":\"Structura anului \u0219colar 2023-2024\"}]},{\"@type\":\"WebSite\",\"@id\":\"https:\/\/www.criserb.com\/blog\/#website\",\"url\":\"https:\/\/www.criserb.com\/blog\/\",\"name\":\"criserb.com\",\"description\":\"Nimic ce merita citit :)\",\"publisher\":{\"@id\":\"https:\/\/www.criserb.com\/blog\/#\/schema\/person\/8df5199bda4e628c32a10f318d8602b5\"},\"potentialAction\":[{\"@type\":\"SearchAction\",\"target\":{\"@type\":\"EntryPoint\",\"urlTemplate\":\"https:\/\/www.criserb.com\/blog\/?s={search_term_string}\"},\"query-input\":{\"@type\":\"PropertyValueSpecification\",\"valueRequired\":true,\"valueName\":\"search_term_string\"}}],\"inLanguage\":\"en-US\"},{\"@type\":[\"Person\",\"Organization\"],\"@id\":\"https:\/\/www.criserb.com\/blog\/#\/schema\/person\/8df5199bda4e628c32a10f318d8602b5\",\"name\":\"criserb\",\"image\":{\"@type\":\"ImageObject\",\"inLanguage\":\"en-US\",\"@id\":\"https:\/\/www.criserb.com\/blog\/#\/schema\/person\/image\/\",\"url\":\"http:\/\/0.gravatar.com\/avatar\/fdb6cca710f39545f0c4b5b936c390b4?s=96&d=monsterid&r=pg\",\"contentUrl\":\"http:\/\/0.gravatar.com\/avatar\/fdb6cca710f39545f0c4b5b936c390b4?s=96&d=monsterid&r=pg\",\"caption\":\"criserb\"},\"logo\":{\"@id\":\"https:\/\/www.criserb.com\/blog\/#\/schema\/person\/image\/\"},\"sameAs\":[\"http:\/\/www.criserb.com\"],\"url\":\"https:\/\/www.criserb.com\/blog\/author\/criserb\/\"}]}<\/script>\n<!-- \/ Yoast SEO plugin. -->","yoast_head_json":{"title":"Structura anului \u0219colar 2023-2024","robots":{"index":"index","follow":"follow","max-snippet":"max-snippet:-1","max-image-preview":"max-image-preview:large","max-video-preview":"max-video-preview:-1"},"canonical":"https:\/\/www.criserb.com\/blog\/structura-anului-scolar-2023-2024\/","twitter_misc":{"Written by":"criserb","Est. reading time":"1 minute"},"schema":{"@context":"https:\/\/schema.org","@graph":[{"@type":"Article","@id":"https:\/\/www.criserb.com\/blog\/structura-anului-scolar-2023-2024\/#article","isPartOf":{"@id":"https:\/\/www.criserb.com\/blog\/structura-anului-scolar-2023-2024\/"},"author":{"name":"criserb","@id":"https:\/\/www.criserb.com\/blog\/#\/schema\/person\/8df5199bda4e628c32a10f318d8602b5"},"headline":"Structura anului \u0219colar 2023-2024","datePublished":"2023-03-11T08:13:29+00:00","mainEntityOfPage":{"@id":"https:\/\/www.criserb.com\/blog\/structura-anului-scolar-2023-2024\/"},"wordCount":84,"commentCount":2,"publisher":{"@id":"https:\/\/www.criserb.com\/blog\/#\/schema\/person\/8df5199bda4e628c32a10f318d8602b5"},"image":{"@id":"https:\/\/www.criserb.com\/blog\/structura-anului-scolar-2023-2024\/#primaryimage"},"thumbnailUrl":"https:\/\/www.criserb.com\/blog\/poze\/2023\/03\/structura-anului-scolar-2023-2024.jpg","keywords":["2023","2024","An \u0219colar"],"articleSection":["Scoal\u0103"],"inLanguage":"en-US","potentialAction":[{"@type":"CommentAction","name":"Comment","target":["https:\/\/www.criserb.com\/blog\/structura-anului-scolar-2023-2024\/#respond"]}]},{"@type":"WebPage","@id":"https:\/\/www.criserb.com\/blog\/structura-anului-scolar-2023-2024\/","url":"https:\/\/www.criserb.com\/blog\/structura-anului-scolar-2023-2024\/","name":"Structura anului \u0219colar 2023-2024","isPartOf":{"@id":"https:\/\/www.criserb.com\/blog\/#website"},"primaryImageOfPage":{"@id":"https:\/\/www.criserb.com\/blog\/structura-anului-scolar-2023-2024\/#primaryimage"},"image":{"@id":"https:\/\/www.criserb.com\/blog\/structura-anului-scolar-2023-2024\/#primaryimage"},"thumbnailUrl":"https:\/\/www.criserb.com\/blog\/poze\/2023\/03\/structura-anului-scolar-2023-2024.jpg","datePublished":"2023-03-11T08:13:29+00:00","breadcrumb":{"@id":"https:\/\/www.criserb.com\/blog\/structura-anului-scolar-2023-2024\/#breadcrumb"},"inLanguage":"en-US","potentialAction":[{"@type":"ReadAction","target":["https:\/\/www.criserb.com\/blog\/structura-anului-scolar-2023-2024\/"]}]},{"@type":"ImageObject","inLanguage":"en-US","@id":"https:\/\/www.criserb.com\/blog\/structura-anului-scolar-2023-2024\/#primaryimage","url":"https:\/\/www.criserb.com\/blog\/poze\/2023\/03\/structura-anului-scolar-2023-2024.jpg","contentUrl":"https:\/\/www.criserb.com\/blog\/poze\/2023\/03\/structura-anului-scolar-2023-2024.jpg","width":860,"height":519},{"@type":"BreadcrumbList","@id":"https:\/\/www.criserb.com\/blog\/structura-anului-scolar-2023-2024\/#breadcrumb","itemListElement":[{"@type":"ListItem","position":1,"name":"Home","item":"https:\/\/www.criserb.com\/blog\/"},{"@type":"ListItem","position":2,"name":"Structura anului \u0219colar 2023-2024"}]},{"@type":"WebSite","@id":"https:\/\/www.criserb.com\/blog\/#website","url":"https:\/\/www.criserb.com\/blog\/","name":"criserb.com","description":"Nimic ce merita citit :)","publisher":{"@id":"https:\/\/www.criserb.com\/blog\/#\/schema\/person\/8df5199bda4e628c32a10f318d8602b5"},"potentialAction":[{"@type":"SearchAction","target":{"@type":"EntryPoint","urlTemplate":"https:\/\/www.criserb.com\/blog\/?s={search_term_string}"},"query-input":{"@type":"PropertyValueSpecification","valueRequired":true,"valueName":"search_term_string"}}],"inLanguage":"en-US"},{"@type":["Person","Organization"],"@id":"https:\/\/www.criserb.com\/blog\/#\/schema\/person\/8df5199bda4e628c32a10f318d8602b5","name":"criserb","image":{"@type":"ImageObject","inLanguage":"en-US","@id":"https:\/\/www.criserb.com\/blog\/#\/schema\/person\/image\/","url":"http:\/\/0.gravatar.com\/avatar\/fdb6cca710f39545f0c4b5b936c390b4?s=96&d=monsterid&r=pg","contentUrl":"http:\/\/0.gravatar.com\/avatar\/fdb6cca710f39545f0c4b5b936c390b4?s=96&d=monsterid&r=pg","caption":"criserb"},"logo":{"@id":"https:\/\/www.criserb.com\/blog\/#\/schema\/person\/image\/"},"sameAs":["http:\/\/www.criserb.com"],"url":"https:\/\/www.criserb.com\/blog\/author\/criserb\/"}]}},"_links":{"self":[{"href":"https:\/\/www.criserb.com\/blog\/wp-json\/wp\/v2\/posts\/34687"}],"collection":[{"href":"https:\/\/www.criserb.com\/blog\/wp-json\/wp\/v2\/posts"}],"about":[{"href":"https:\/\/www.criserb.com\/blog\/wp-json\/wp\/v2\/types\/post"}],"author":[{"embeddable":true,"href":"https:\/\/www.criserb.com\/blog\/wp-json\/wp\/v2\/users\/3"}],"replies":[{"embeddable":true,"href":"https:\/\/www.criserb.com\/blog\/wp-json\/wp\/v2\/comments?post=34687"}],"version-history":[{"count":0,"href":"https:\/\/www.criserb.com\/blog\/wp-json\/wp\/v2\/posts\/34687\/revisions"}],"wp:featuredmedia":[{"embeddable":true,"href":"https:\/\/www.criserb.com\/blog\/wp-json\/wp\/v2\/media\/34688"}],"wp:attachment":[{"href":"https:\/\/www.criserb.com\/blog\/wp-json\/wp\/v2\/media?parent=34687"}],"wp:term":[{"taxonomy":"category","embeddable":true,"href":"https:\/\/www.criserb.com\/blog\/wp-json\/wp\/v2\/categories?post=34687"},{"taxonomy":"post_tag","embeddable":true,"href":"https:\/\/www.criserb.com\/blog\/wp-json\/wp\/v2\/tags?post=34687"}],"curies":[{"name":"wp","href":"https:\/\/api.w.org\/{rel}","templated":true}]}}