{"id":4090,"date":"2010-03-04T13:43:26","date_gmt":"2010-03-04T11:43:26","guid":{"rendered":"http:\/\/www.criserb.com\/blog\/33-de-ani-de-la-cutremurul-din-1977.html"},"modified":"2010-03-04T13:43:26","modified_gmt":"2010-03-04T11:43:26","slug":"33-de-ani-de-la-cutremurul-din-1977","status":"publish","type":"post","link":"https:\/\/www.criserb.com\/blog\/33-de-ani-de-la-cutremurul-din-1977\/","title":{"rendered":"33 de ani de la cutremurul din 1977"},"content":{"rendered":"<p>Ziua de 4 martie 1997 a fost una normal\u0103 p\u00e2n\u0103 la ora 21:22. Atunci a \u00eenceput infernul, care a durat 55 de secunde. Prea mult pentru ca Rom\u00e2nia s\u0103 reziste \u00een picioare.<\/p>\n<blockquote>\n<p>Au fost momente dramatice. Era un urlet care nu se mai oprea, claxoane, totul era o senza\u0163ie<\/p>\n<\/blockquote>\n<p> \u015fi-a amintit actorul Alexandru Ar\u015finel.<\/p>\n<blockquote>\n<p>Eram \u00een sala de na\u015ftere. A fost un moment \u00eengrozitor. Mi s-a p\u0103rut \u00eensp\u0103im\u00e2nt\u0103tor din cauza panicii create. \u00cen fa\u0163\u0103 vedeam prin fereastr\u0103 turnul de la crematoriu care se cl\u0103tina \u00een st\u00e2nga \u015fi \u00een dreapta <\/p>\n<\/blockquote>\n<p>a povestit asistentul medical Cristina Eftimescu.<\/p>\n<p align=\"right\">[via <a href=\"http:\/\/www.realitatea.net\/din-1977_703102.html\" target=\"_blank\">realitatea.net<\/a>]<\/p>\n","protected":false},"excerpt":{"rendered":"<p>Ziua de 4 martie 1997 a fost una normal\u0103 p\u00e2n\u0103 la ora 21:22. Atunci a \u00eenceput infernul, care a durat 55 de secunde. Prea mult pentru ca Rom\u00e2nia s\u0103 reziste \u00een picioare. Au fost momente dramatice. Era un urlet care nu se mai oprea, claxoane, totul era o senza\u0163ie \u015fi-a amintit actorul Alexandru Ar\u015finel. Eram&hellip;<\/p>\n","protected":false},"author":3,"featured_media":0,"comment_status":"open","ping_status":"open","sticky":false,"template":"","format":"standard","meta":{"footnotes":""},"categories":[31],"tags":[938,248],"yoast_head":"<!-- This site is optimized with the Yoast SEO plugin v24.5 - https:\/\/yoast.com\/wordpress\/plugins\/seo\/ -->\n<title>33 de ani de la cutremurul din 1977<\/title>\n<meta name=\"robots\" content=\"index, follow, max-snippet:-1, max-image-preview:large, max-video-preview:-1\" \/>\n<link rel=\"canonical\" href=\"https:\/\/www.criserb.com\/blog\/33-de-ani-de-la-cutremurul-din-1977\/\" \/>\n<meta name=\"twitter:label1\" content=\"Written by\" \/>\n\t<meta name=\"twitter:data1\" content=\"criserb\" \/>\n\t<meta name=\"twitter:label2\" content=\"Est. reading time\" \/>\n\t<meta name=\"twitter:data2\" content=\"1 minute\" \/>\n<script type=\"application\/ld+json\" class=\"yoast-schema-graph\">{\"@context\":\"https:\/\/schema.org\",\"@graph\":[{\"@type\":\"Article\",\"@id\":\"https:\/\/www.criserb.com\/blog\/33-de-ani-de-la-cutremurul-din-1977\/#article\",\"isPartOf\":{\"@id\":\"https:\/\/www.criserb.com\/blog\/33-de-ani-de-la-cutremurul-din-1977\/\"},\"author\":{\"name\":\"criserb\",\"@id\":\"https:\/\/www.criserb.com\/blog\/#\/schema\/person\/8df5199bda4e628c32a10f318d8602b5\"},\"headline\":\"33 de ani de la cutremurul din 1977\",\"datePublished\":\"2010-03-04T11:43:26+00:00\",\"mainEntityOfPage\":{\"@id\":\"https:\/\/www.criserb.com\/blog\/33-de-ani-de-la-cutremurul-din-1977\/\"},\"wordCount\":111,\"commentCount\":3,\"publisher\":{\"@id\":\"https:\/\/www.criserb.com\/blog\/#\/schema\/person\/8df5199bda4e628c32a10f318d8602b5\"},\"keywords\":[\"1977\",\"cutremur\"],\"articleSection\":[\"Stiri\"],\"inLanguage\":\"en-US\",\"potentialAction\":[{\"@type\":\"CommentAction\",\"name\":\"Comment\",\"target\":[\"https:\/\/www.criserb.com\/blog\/33-de-ani-de-la-cutremurul-din-1977\/#respond\"]}]},{\"@type\":\"WebPage\",\"@id\":\"https:\/\/www.criserb.com\/blog\/33-de-ani-de-la-cutremurul-din-1977\/\",\"url\":\"https:\/\/www.criserb.com\/blog\/33-de-ani-de-la-cutremurul-din-1977\/\",\"name\":\"33 de ani de la cutremurul din 1977\",\"isPartOf\":{\"@id\":\"https:\/\/www.criserb.com\/blog\/#website\"},\"datePublished\":\"2010-03-04T11:43:26+00:00\",\"breadcrumb\":{\"@id\":\"https:\/\/www.criserb.com\/blog\/33-de-ani-de-la-cutremurul-din-1977\/#breadcrumb\"},\"inLanguage\":\"en-US\",\"potentialAction\":[{\"@type\":\"ReadAction\",\"target\":[\"https:\/\/www.criserb.com\/blog\/33-de-ani-de-la-cutremurul-din-1977\/\"]}]},{\"@type\":\"BreadcrumbList\",\"@id\":\"https:\/\/www.criserb.com\/blog\/33-de-ani-de-la-cutremurul-din-1977\/#breadcrumb\",\"itemListElement\":[{\"@type\":\"ListItem\",\"position\":1,\"name\":\"Home\",\"item\":\"https:\/\/www.criserb.com\/blog\/\"},{\"@type\":\"ListItem\",\"position\":2,\"name\":\"33 de ani de la cutremurul din 1977\"}]},{\"@type\":\"WebSite\",\"@id\":\"https:\/\/www.criserb.com\/blog\/#website\",\"url\":\"https:\/\/www.criserb.com\/blog\/\",\"name\":\"criserb.com\",\"description\":\"Nimic ce merita citit :)\",\"publisher\":{\"@id\":\"https:\/\/www.criserb.com\/blog\/#\/schema\/person\/8df5199bda4e628c32a10f318d8602b5\"},\"potentialAction\":[{\"@type\":\"SearchAction\",\"target\":{\"@type\":\"EntryPoint\",\"urlTemplate\":\"https:\/\/www.criserb.com\/blog\/?s={search_term_string}\"},\"query-input\":{\"@type\":\"PropertyValueSpecification\",\"valueRequired\":true,\"valueName\":\"search_term_string\"}}],\"inLanguage\":\"en-US\"},{\"@type\":[\"Person\",\"Organization\"],\"@id\":\"https:\/\/www.criserb.com\/blog\/#\/schema\/person\/8df5199bda4e628c32a10f318d8602b5\",\"name\":\"criserb\",\"image\":{\"@type\":\"ImageObject\",\"inLanguage\":\"en-US\",\"@id\":\"https:\/\/www.criserb.com\/blog\/#\/schema\/person\/image\/\",\"url\":\"http:\/\/0.gravatar.com\/avatar\/fdb6cca710f39545f0c4b5b936c390b4?s=96&d=monsterid&r=pg\",\"contentUrl\":\"http:\/\/0.gravatar.com\/avatar\/fdb6cca710f39545f0c4b5b936c390b4?s=96&d=monsterid&r=pg\",\"caption\":\"criserb\"},\"logo\":{\"@id\":\"https:\/\/www.criserb.com\/blog\/#\/schema\/person\/image\/\"},\"sameAs\":[\"http:\/\/www.criserb.com\"],\"url\":\"https:\/\/www.criserb.com\/blog\/author\/criserb\/\"}]}<\/script>\n<!-- \/ Yoast SEO plugin. -->","yoast_head_json":{"title":"33 de ani de la cutremurul din 1977","robots":{"index":"index","follow":"follow","max-snippet":"max-snippet:-1","max-image-preview":"max-image-preview:large","max-video-preview":"max-video-preview:-1"},"canonical":"https:\/\/www.criserb.com\/blog\/33-de-ani-de-la-cutremurul-din-1977\/","twitter_misc":{"Written by":"criserb","Est. reading time":"1 minute"},"schema":{"@context":"https:\/\/schema.org","@graph":[{"@type":"Article","@id":"https:\/\/www.criserb.com\/blog\/33-de-ani-de-la-cutremurul-din-1977\/#article","isPartOf":{"@id":"https:\/\/www.criserb.com\/blog\/33-de-ani-de-la-cutremurul-din-1977\/"},"author":{"name":"criserb","@id":"https:\/\/www.criserb.com\/blog\/#\/schema\/person\/8df5199bda4e628c32a10f318d8602b5"},"headline":"33 de ani de la cutremurul din 1977","datePublished":"2010-03-04T11:43:26+00:00","mainEntityOfPage":{"@id":"https:\/\/www.criserb.com\/blog\/33-de-ani-de-la-cutremurul-din-1977\/"},"wordCount":111,"commentCount":3,"publisher":{"@id":"https:\/\/www.criserb.com\/blog\/#\/schema\/person\/8df5199bda4e628c32a10f318d8602b5"},"keywords":["1977","cutremur"],"articleSection":["Stiri"],"inLanguage":"en-US","potentialAction":[{"@type":"CommentAction","name":"Comment","target":["https:\/\/www.criserb.com\/blog\/33-de-ani-de-la-cutremurul-din-1977\/#respond"]}]},{"@type":"WebPage","@id":"https:\/\/www.criserb.com\/blog\/33-de-ani-de-la-cutremurul-din-1977\/","url":"https:\/\/www.criserb.com\/blog\/33-de-ani-de-la-cutremurul-din-1977\/","name":"33 de ani de la cutremurul din 1977","isPartOf":{"@id":"https:\/\/www.criserb.com\/blog\/#website"},"datePublished":"2010-03-04T11:43:26+00:00","breadcrumb":{"@id":"https:\/\/www.criserb.com\/blog\/33-de-ani-de-la-cutremurul-din-1977\/#breadcrumb"},"inLanguage":"en-US","potentialAction":[{"@type":"ReadAction","target":["https:\/\/www.criserb.com\/blog\/33-de-ani-de-la-cutremurul-din-1977\/"]}]},{"@type":"BreadcrumbList","@id":"https:\/\/www.criserb.com\/blog\/33-de-ani-de-la-cutremurul-din-1977\/#breadcrumb","itemListElement":[{"@type":"ListItem","position":1,"name":"Home","item":"https:\/\/www.criserb.com\/blog\/"},{"@type":"ListItem","position":2,"name":"33 de ani de la cutremurul din 1977"}]},{"@type":"WebSite","@id":"https:\/\/www.criserb.com\/blog\/#website","url":"https:\/\/www.criserb.com\/blog\/","name":"criserb.com","description":"Nimic ce merita citit :)","publisher":{"@id":"https:\/\/www.criserb.com\/blog\/#\/schema\/person\/8df5199bda4e628c32a10f318d8602b5"},"potentialAction":[{"@type":"SearchAction","target":{"@type":"EntryPoint","urlTemplate":"https:\/\/www.criserb.com\/blog\/?s={search_term_string}"},"query-input":{"@type":"PropertyValueSpecification","valueRequired":true,"valueName":"search_term_string"}}],"inLanguage":"en-US"},{"@type":["Person","Organization"],"@id":"https:\/\/www.criserb.com\/blog\/#\/schema\/person\/8df5199bda4e628c32a10f318d8602b5","name":"criserb","image":{"@type":"ImageObject","inLanguage":"en-US","@id":"https:\/\/www.criserb.com\/blog\/#\/schema\/person\/image\/","url":"http:\/\/0.gravatar.com\/avatar\/fdb6cca710f39545f0c4b5b936c390b4?s=96&d=monsterid&r=pg","contentUrl":"http:\/\/0.gravatar.com\/avatar\/fdb6cca710f39545f0c4b5b936c390b4?s=96&d=monsterid&r=pg","caption":"criserb"},"logo":{"@id":"https:\/\/www.criserb.com\/blog\/#\/schema\/person\/image\/"},"sameAs":["http:\/\/www.criserb.com"],"url":"https:\/\/www.criserb.com\/blog\/author\/criserb\/"}]}},"_links":{"self":[{"href":"https:\/\/www.criserb.com\/blog\/wp-json\/wp\/v2\/posts\/4090"}],"collection":[{"href":"https:\/\/www.criserb.com\/blog\/wp-json\/wp\/v2\/posts"}],"about":[{"href":"https:\/\/www.criserb.com\/blog\/wp-json\/wp\/v2\/types\/post"}],"author":[{"embeddable":true,"href":"https:\/\/www.criserb.com\/blog\/wp-json\/wp\/v2\/users\/3"}],"replies":[{"embeddable":true,"href":"https:\/\/www.criserb.com\/blog\/wp-json\/wp\/v2\/comments?post=4090"}],"version-history":[{"count":0,"href":"https:\/\/www.criserb.com\/blog\/wp-json\/wp\/v2\/posts\/4090\/revisions"}],"wp:attachment":[{"href":"https:\/\/www.criserb.com\/blog\/wp-json\/wp\/v2\/media?parent=4090"}],"wp:term":[{"taxonomy":"category","embeddable":true,"href":"https:\/\/www.criserb.com\/blog\/wp-json\/wp\/v2\/categories?post=4090"},{"taxonomy":"post_tag","embeddable":true,"href":"https:\/\/www.criserb.com\/blog\/wp-json\/wp\/v2\/tags?post=4090"}],"curies":[{"name":"wp","href":"https:\/\/api.w.org\/{rel}","templated":true}]}}