{"id":4915,"date":"2010-05-12T18:59:28","date_gmt":"2010-05-12T15:59:28","guid":{"rendered":"http:\/\/www.criserb.com\/blog\/cu-ce-drept-va-plangeti.html"},"modified":"2010-05-12T20:53:13","modified_gmt":"2010-05-12T17:53:13","slug":"cu-ce-drept-va-plangeti","status":"publish","type":"post","link":"https:\/\/www.criserb.com\/blog\/cu-ce-drept-va-plangeti\/","title":{"rendered":"Cu ce drept va plangeti?"},"content":{"rendered":"<p>De cateva zile am observat tot felul de oameni ca se plang pentru ca:<\/p>\n<ul>\n<li><a href=\"http:\/\/www.mediafax.ro\/economic\/guvernul-va-impozita-suplimentar-persoanele-care-detin-mai-multe-imobile-in-proprietate-6112141\" target=\"_blank\">Guvernul va impozita suplimentar persoanele care de\u0163in mai multe imobile \u00een proprietate<\/a> <\/li>\n<li><a href=\"http:\/\/www.mediafax.ro\/social\/vladescu-anunta-impozitarea-cu-16-a-drepturilor-de-autor-si-a-altor-venituri-6111027\" target=\"_blank\">Se anun\u0163\u0103 impozitarea cu 16% a drepturilor de autor \u015fi a altor venituri<\/a> <\/li>\n<li><a href=\"http:\/\/www.mediafax.ro\/social\/guvernul-discuta-impozitarea-cu-15-a-unor-indemnizatii-ca-alocatiile-pentru-copii-si-handicapati-6099583\" target=\"_blank\">Se intentioneaza impzitarea cu 15% a alocatiilor pentru copii si handicapati.<\/a> <\/li>\n<li><a href=\"http:\/\/www.ziare.com\/basescu\/presedinte\/basescu-anunta-scaderea-salariilor-si-pensiilor-ce-spun-opozitia-si-sindicatele-1013954\" target=\"_blank\">Se scad salariile bugetarilor cu 25% si a pensiilor cu 15%.<\/a> <\/li>\n<li><a href=\"http:\/\/www.romanialibera.ro\/actualitate\/eveniment\/banii-mai-putini-pentru-copii-ameninta-rata-natalitatii-186260.html\" target=\"_blank\">scade indemnizatia de crestere a copilului<\/a> <\/li>\n<\/ul>\n<p>si probabil ca mai sunt masuri anticriza\u2026<\/p>\n<p>Eh, ii aud pe unii ca se plang acum, dar dupa alegeri imi radeau in fata, ca ei l-au votat pe Basescu si uite ca au castigat.<\/p>\n<p>  <!--more-->  <\/p>\n<p>P\u2019astia de mai sus ii rog sa nu se mai planga, sa se bucure, visul lor de abia acum se indeplineste. Sa fie mandri de felul cum ii reprezinta alesii lor\u2026 pana la urma primesc exact ceea ce merita.<\/p>\n<p>Niste masuri dure trebuie luate, fie ca ne place, fie ca nu\u2026 Nush care din masurile de mai sus va deranjeaza mai mult dar daca astea nu va plac hai sa auzim niste alternative, macar teoretic, pentru ca practic situatia o sa ramana la fel. <a href=\"http:\/\/pandoras.realitatea.net\/politica-societate\/in-parlament-iei-masa-cu-60-000-portii-duble-aveti-reduceri-si-cand-mergeti-la-curve-8037.html\" target=\"_blank\">Parlamentarii o sa ia masa cu 6 ron pe zi<\/a>, o sa se plimbe cu masini scumpe, o sa arunce cu bani in stanga si in dreapta, bineinteles, in interesul poporului, cum altfel? iar noi\u2026 noi o sa vedem.<\/p>\n<p>Deci va rog\u2026 cei ce v-ati facut cu mana voastra aceasta soarta, nu va plangeti\u2026 sunteti penibili!<\/p>\n","protected":false},"excerpt":{"rendered":"<p>De cateva zile am observat tot felul de oameni ca se plang pentru ca: Guvernul va impozita suplimentar persoanele care de\u0163in mai multe imobile \u00een proprietate Se anun\u0163\u0103 impozitarea cu 16% a drepturilor de autor \u015fi a altor venituri Se intentioneaza impzitarea cu 15% a alocatiilor pentru copii si handicapati. Se scad salariile bugetarilor cu&hellip;<\/p>\n","protected":false},"author":3,"featured_media":0,"comment_status":"open","ping_status":"open","sticky":false,"template":"","format":"standard","meta":{"footnotes":""},"categories":[34],"tags":[129,7079],"yoast_head":"<!-- This site is optimized with the Yoast SEO plugin v24.5 - https:\/\/yoast.com\/wordpress\/plugins\/seo\/ -->\n<title>Cu ce drept va plangeti?<\/title>\n<meta name=\"robots\" content=\"index, follow, max-snippet:-1, max-image-preview:large, max-video-preview:-1\" \/>\n<link rel=\"canonical\" href=\"https:\/\/www.criserb.com\/blog\/cu-ce-drept-va-plangeti\/\" \/>\n<meta name=\"twitter:label1\" content=\"Written by\" \/>\n\t<meta name=\"twitter:data1\" content=\"criserb\" \/>\n\t<meta name=\"twitter:label2\" content=\"Est. reading time\" \/>\n\t<meta name=\"twitter:data2\" content=\"1 minute\" \/>\n<script type=\"application\/ld+json\" class=\"yoast-schema-graph\">{\"@context\":\"https:\/\/schema.org\",\"@graph\":[{\"@type\":\"Article\",\"@id\":\"https:\/\/www.criserb.com\/blog\/cu-ce-drept-va-plangeti\/#article\",\"isPartOf\":{\"@id\":\"https:\/\/www.criserb.com\/blog\/cu-ce-drept-va-plangeti\/\"},\"author\":{\"name\":\"criserb\",\"@id\":\"https:\/\/www.criserb.com\/blog\/#\/schema\/person\/8df5199bda4e628c32a10f318d8602b5\"},\"headline\":\"Cu ce drept va plangeti?\",\"datePublished\":\"2010-05-12T15:59:28+00:00\",\"dateModified\":\"2010-05-12T17:53:13+00:00\",\"mainEntityOfPage\":{\"@id\":\"https:\/\/www.criserb.com\/blog\/cu-ce-drept-va-plangeti\/\"},\"wordCount\":243,\"commentCount\":27,\"publisher\":{\"@id\":\"https:\/\/www.criserb.com\/blog\/#\/schema\/person\/8df5199bda4e628c32a10f318d8602b5\"},\"keywords\":[\"criza\",\"Romanisme\"],\"articleSection\":[\"Romanisme\"],\"inLanguage\":\"en-US\",\"potentialAction\":[{\"@type\":\"CommentAction\",\"name\":\"Comment\",\"target\":[\"https:\/\/www.criserb.com\/blog\/cu-ce-drept-va-plangeti\/#respond\"]}]},{\"@type\":\"WebPage\",\"@id\":\"https:\/\/www.criserb.com\/blog\/cu-ce-drept-va-plangeti\/\",\"url\":\"https:\/\/www.criserb.com\/blog\/cu-ce-drept-va-plangeti\/\",\"name\":\"Cu ce drept va plangeti?\",\"isPartOf\":{\"@id\":\"https:\/\/www.criserb.com\/blog\/#website\"},\"datePublished\":\"2010-05-12T15:59:28+00:00\",\"dateModified\":\"2010-05-12T17:53:13+00:00\",\"breadcrumb\":{\"@id\":\"https:\/\/www.criserb.com\/blog\/cu-ce-drept-va-plangeti\/#breadcrumb\"},\"inLanguage\":\"en-US\",\"potentialAction\":[{\"@type\":\"ReadAction\",\"target\":[\"https:\/\/www.criserb.com\/blog\/cu-ce-drept-va-plangeti\/\"]}]},{\"@type\":\"BreadcrumbList\",\"@id\":\"https:\/\/www.criserb.com\/blog\/cu-ce-drept-va-plangeti\/#breadcrumb\",\"itemListElement\":[{\"@type\":\"ListItem\",\"position\":1,\"name\":\"Home\",\"item\":\"https:\/\/www.criserb.com\/blog\/\"},{\"@type\":\"ListItem\",\"position\":2,\"name\":\"Cu ce drept va plangeti?\"}]},{\"@type\":\"WebSite\",\"@id\":\"https:\/\/www.criserb.com\/blog\/#website\",\"url\":\"https:\/\/www.criserb.com\/blog\/\",\"name\":\"criserb.com\",\"description\":\"Nimic ce merita citit :)\",\"publisher\":{\"@id\":\"https:\/\/www.criserb.com\/blog\/#\/schema\/person\/8df5199bda4e628c32a10f318d8602b5\"},\"potentialAction\":[{\"@type\":\"SearchAction\",\"target\":{\"@type\":\"EntryPoint\",\"urlTemplate\":\"https:\/\/www.criserb.com\/blog\/?s={search_term_string}\"},\"query-input\":{\"@type\":\"PropertyValueSpecification\",\"valueRequired\":true,\"valueName\":\"search_term_string\"}}],\"inLanguage\":\"en-US\"},{\"@type\":[\"Person\",\"Organization\"],\"@id\":\"https:\/\/www.criserb.com\/blog\/#\/schema\/person\/8df5199bda4e628c32a10f318d8602b5\",\"name\":\"criserb\",\"image\":{\"@type\":\"ImageObject\",\"inLanguage\":\"en-US\",\"@id\":\"https:\/\/www.criserb.com\/blog\/#\/schema\/person\/image\/\",\"url\":\"http:\/\/0.gravatar.com\/avatar\/fdb6cca710f39545f0c4b5b936c390b4?s=96&d=monsterid&r=pg\",\"contentUrl\":\"http:\/\/0.gravatar.com\/avatar\/fdb6cca710f39545f0c4b5b936c390b4?s=96&d=monsterid&r=pg\",\"caption\":\"criserb\"},\"logo\":{\"@id\":\"https:\/\/www.criserb.com\/blog\/#\/schema\/person\/image\/\"},\"sameAs\":[\"http:\/\/www.criserb.com\"],\"url\":\"https:\/\/www.criserb.com\/blog\/author\/criserb\/\"}]}<\/script>\n<!-- \/ Yoast SEO plugin. -->","yoast_head_json":{"title":"Cu ce drept va plangeti?","robots":{"index":"index","follow":"follow","max-snippet":"max-snippet:-1","max-image-preview":"max-image-preview:large","max-video-preview":"max-video-preview:-1"},"canonical":"https:\/\/www.criserb.com\/blog\/cu-ce-drept-va-plangeti\/","twitter_misc":{"Written by":"criserb","Est. reading time":"1 minute"},"schema":{"@context":"https:\/\/schema.org","@graph":[{"@type":"Article","@id":"https:\/\/www.criserb.com\/blog\/cu-ce-drept-va-plangeti\/#article","isPartOf":{"@id":"https:\/\/www.criserb.com\/blog\/cu-ce-drept-va-plangeti\/"},"author":{"name":"criserb","@id":"https:\/\/www.criserb.com\/blog\/#\/schema\/person\/8df5199bda4e628c32a10f318d8602b5"},"headline":"Cu ce drept va plangeti?","datePublished":"2010-05-12T15:59:28+00:00","dateModified":"2010-05-12T17:53:13+00:00","mainEntityOfPage":{"@id":"https:\/\/www.criserb.com\/blog\/cu-ce-drept-va-plangeti\/"},"wordCount":243,"commentCount":27,"publisher":{"@id":"https:\/\/www.criserb.com\/blog\/#\/schema\/person\/8df5199bda4e628c32a10f318d8602b5"},"keywords":["criza","Romanisme"],"articleSection":["Romanisme"],"inLanguage":"en-US","potentialAction":[{"@type":"CommentAction","name":"Comment","target":["https:\/\/www.criserb.com\/blog\/cu-ce-drept-va-plangeti\/#respond"]}]},{"@type":"WebPage","@id":"https:\/\/www.criserb.com\/blog\/cu-ce-drept-va-plangeti\/","url":"https:\/\/www.criserb.com\/blog\/cu-ce-drept-va-plangeti\/","name":"Cu ce drept va plangeti?","isPartOf":{"@id":"https:\/\/www.criserb.com\/blog\/#website"},"datePublished":"2010-05-12T15:59:28+00:00","dateModified":"2010-05-12T17:53:13+00:00","breadcrumb":{"@id":"https:\/\/www.criserb.com\/blog\/cu-ce-drept-va-plangeti\/#breadcrumb"},"inLanguage":"en-US","potentialAction":[{"@type":"ReadAction","target":["https:\/\/www.criserb.com\/blog\/cu-ce-drept-va-plangeti\/"]}]},{"@type":"BreadcrumbList","@id":"https:\/\/www.criserb.com\/blog\/cu-ce-drept-va-plangeti\/#breadcrumb","itemListElement":[{"@type":"ListItem","position":1,"name":"Home","item":"https:\/\/www.criserb.com\/blog\/"},{"@type":"ListItem","position":2,"name":"Cu ce drept va plangeti?"}]},{"@type":"WebSite","@id":"https:\/\/www.criserb.com\/blog\/#website","url":"https:\/\/www.criserb.com\/blog\/","name":"criserb.com","description":"Nimic ce merita citit :)","publisher":{"@id":"https:\/\/www.criserb.com\/blog\/#\/schema\/person\/8df5199bda4e628c32a10f318d8602b5"},"potentialAction":[{"@type":"SearchAction","target":{"@type":"EntryPoint","urlTemplate":"https:\/\/www.criserb.com\/blog\/?s={search_term_string}"},"query-input":{"@type":"PropertyValueSpecification","valueRequired":true,"valueName":"search_term_string"}}],"inLanguage":"en-US"},{"@type":["Person","Organization"],"@id":"https:\/\/www.criserb.com\/blog\/#\/schema\/person\/8df5199bda4e628c32a10f318d8602b5","name":"criserb","image":{"@type":"ImageObject","inLanguage":"en-US","@id":"https:\/\/www.criserb.com\/blog\/#\/schema\/person\/image\/","url":"http:\/\/0.gravatar.com\/avatar\/fdb6cca710f39545f0c4b5b936c390b4?s=96&d=monsterid&r=pg","contentUrl":"http:\/\/0.gravatar.com\/avatar\/fdb6cca710f39545f0c4b5b936c390b4?s=96&d=monsterid&r=pg","caption":"criserb"},"logo":{"@id":"https:\/\/www.criserb.com\/blog\/#\/schema\/person\/image\/"},"sameAs":["http:\/\/www.criserb.com"],"url":"https:\/\/www.criserb.com\/blog\/author\/criserb\/"}]}},"_links":{"self":[{"href":"https:\/\/www.criserb.com\/blog\/wp-json\/wp\/v2\/posts\/4915"}],"collection":[{"href":"https:\/\/www.criserb.com\/blog\/wp-json\/wp\/v2\/posts"}],"about":[{"href":"https:\/\/www.criserb.com\/blog\/wp-json\/wp\/v2\/types\/post"}],"author":[{"embeddable":true,"href":"https:\/\/www.criserb.com\/blog\/wp-json\/wp\/v2\/users\/3"}],"replies":[{"embeddable":true,"href":"https:\/\/www.criserb.com\/blog\/wp-json\/wp\/v2\/comments?post=4915"}],"version-history":[{"count":0,"href":"https:\/\/www.criserb.com\/blog\/wp-json\/wp\/v2\/posts\/4915\/revisions"}],"wp:attachment":[{"href":"https:\/\/www.criserb.com\/blog\/wp-json\/wp\/v2\/media?parent=4915"}],"wp:term":[{"taxonomy":"category","embeddable":true,"href":"https:\/\/www.criserb.com\/blog\/wp-json\/wp\/v2\/categories?post=4915"},{"taxonomy":"post_tag","embeddable":true,"href":"https:\/\/www.criserb.com\/blog\/wp-json\/wp\/v2\/tags?post=4915"}],"curies":[{"name":"wp","href":"https:\/\/api.w.org\/{rel}","templated":true}]}}