{"id":5777,"date":"2010-10-21T11:29:37","date_gmt":"2010-10-21T08:29:37","guid":{"rendered":"http:\/\/www.criserb.com\/blog\/ne-mai-mandrim-si-noi-ca-suntem-romani.html"},"modified":"2010-10-21T17:29:22","modified_gmt":"2010-10-21T14:29:22","slug":"ne-mai-mandrim-si-noi-ca-suntem-romani","status":"publish","type":"post","link":"https:\/\/www.criserb.com\/blog\/ne-mai-mandrim-si-noi-ca-suntem-romani\/","title":{"rendered":"Ne mai mandrim si noi ca suntem Romani?"},"content":{"rendered":"<p>Priviti filmuletul de mai jos, pana la capat, cu atentie.<\/p>\n<p> <!--more-->  <\/p>\n<p><object width=\"580\" height=\"460\"><param name=\"movie\" value=\"http:\/\/www.youtube.com\/v\/pCekleQGdqY?fs=1&amp;hl=en_US\"><\/param><param name=\"allowFullScreen\" value=\"true\"><\/param><param name=\"allowscriptaccess\" value=\"always\"><\/param><embed src=\"http:\/\/www.youtube.com\/v\/pCekleQGdqY?fs=1&amp;hl=en_US\" type=\"application\/x-shockwave-flash\" allowscriptaccess=\"always\" allowfullscreen=\"true\" width=\"580\" height=\"460\"><\/embed><\/object><\/p>\n<p>Eu cred ca putem contribui fiecare cu o suma cat de mica sa o ajutam pe <a href=\"http:\/\/crinacocopopescu.blogspot.com\/\" target=\"_blank\">Crina<\/a> sa-si indeplineasca visul.<\/p>\n<p>Pentru a sus\u0163ine plecarea lui <strong>Coco<\/strong> \u00een expedi\u0163ie, doritorii pot dona \u00een conturile deschise de <strong>Clubul Montan Altitudine<\/strong>:<\/p>\n<p>Cont RON: RO62 RNCB 0058 0987 5236 0001<\/p>\n<p>Cont EURO: RO35 RNCB 0058 0987 5236 0002<\/p>\n<p>Cont USD: RO08 RNCB 0058 0987 5236 0003<\/p>\n<p>BCR R\u00c2\u0218NOV; cod BIC\/SWIFT: RNCBROBU; Adresa: Pia\u021ba Unirii nr.10, R\u00c2\u0218NOV, cod 505400, jud. Bra\u0219ov.Top of Form<\/p>\n<p><strong>Update:<\/strong><\/p>\n<blockquote>\n<p>Organizatorii expeditiei, 7SUMMITS Club din Rusia, au fost ingaduitori cu Coco si au decalat calendarul platilor in cazul ei. Astfel, Coco trebuie sa faca rost de 29.000 de euro pana pe 20 noiembrie 2010.<\/p>\n<p align=\"right\">[via <a href=\"http:\/\/www.manafu.ro\/2010\/10\/coco-ne-a-ales-pe-noi\/\" target=\"_blank\">manafu<\/a>]<\/p>\n<\/blockquote>\n","protected":false},"excerpt":{"rendered":"<p>Priviti filmuletul de mai jos, pana la capat, cu atentie.<\/p>\n","protected":false},"author":3,"featured_media":0,"comment_status":"open","ping_status":"open","sticky":false,"template":"","format":"standard","meta":{"footnotes":""},"categories":[34],"tags":[1556,1555],"yoast_head":"<!-- This site is optimized with the Yoast SEO plugin v24.5 - https:\/\/yoast.com\/wordpress\/plugins\/seo\/ -->\n<title>Ne mai mandrim si noi ca suntem Romani?<\/title>\n<meta name=\"robots\" content=\"index, follow, max-snippet:-1, max-image-preview:large, max-video-preview:-1\" \/>\n<link rel=\"canonical\" href=\"https:\/\/www.criserb.com\/blog\/ne-mai-mandrim-si-noi-ca-suntem-romani\/\" \/>\n<meta name=\"twitter:label1\" content=\"Written by\" \/>\n\t<meta name=\"twitter:data1\" content=\"criserb\" \/>\n\t<meta name=\"twitter:label2\" content=\"Est. reading time\" \/>\n\t<meta name=\"twitter:data2\" content=\"1 minute\" \/>\n<script type=\"application\/ld+json\" class=\"yoast-schema-graph\">{\"@context\":\"https:\/\/schema.org\",\"@graph\":[{\"@type\":\"Article\",\"@id\":\"https:\/\/www.criserb.com\/blog\/ne-mai-mandrim-si-noi-ca-suntem-romani\/#article\",\"isPartOf\":{\"@id\":\"https:\/\/www.criserb.com\/blog\/ne-mai-mandrim-si-noi-ca-suntem-romani\/\"},\"author\":{\"name\":\"criserb\",\"@id\":\"https:\/\/www.criserb.com\/blog\/#\/schema\/person\/8df5199bda4e628c32a10f318d8602b5\"},\"headline\":\"Ne mai mandrim si noi ca suntem Romani?\",\"datePublished\":\"2010-10-21T08:29:37+00:00\",\"dateModified\":\"2010-10-21T14:29:22+00:00\",\"mainEntityOfPage\":{\"@id\":\"https:\/\/www.criserb.com\/blog\/ne-mai-mandrim-si-noi-ca-suntem-romani\/\"},\"wordCount\":125,\"commentCount\":9,\"publisher\":{\"@id\":\"https:\/\/www.criserb.com\/blog\/#\/schema\/person\/8df5199bda4e628c32a10f318d8602b5\"},\"keywords\":[\"7summits\",\"Crina\"],\"articleSection\":[\"Romanisme\"],\"inLanguage\":\"en-US\",\"potentialAction\":[{\"@type\":\"CommentAction\",\"name\":\"Comment\",\"target\":[\"https:\/\/www.criserb.com\/blog\/ne-mai-mandrim-si-noi-ca-suntem-romani\/#respond\"]}]},{\"@type\":\"WebPage\",\"@id\":\"https:\/\/www.criserb.com\/blog\/ne-mai-mandrim-si-noi-ca-suntem-romani\/\",\"url\":\"https:\/\/www.criserb.com\/blog\/ne-mai-mandrim-si-noi-ca-suntem-romani\/\",\"name\":\"Ne mai mandrim si noi ca suntem Romani?\",\"isPartOf\":{\"@id\":\"https:\/\/www.criserb.com\/blog\/#website\"},\"datePublished\":\"2010-10-21T08:29:37+00:00\",\"dateModified\":\"2010-10-21T14:29:22+00:00\",\"breadcrumb\":{\"@id\":\"https:\/\/www.criserb.com\/blog\/ne-mai-mandrim-si-noi-ca-suntem-romani\/#breadcrumb\"},\"inLanguage\":\"en-US\",\"potentialAction\":[{\"@type\":\"ReadAction\",\"target\":[\"https:\/\/www.criserb.com\/blog\/ne-mai-mandrim-si-noi-ca-suntem-romani\/\"]}]},{\"@type\":\"BreadcrumbList\",\"@id\":\"https:\/\/www.criserb.com\/blog\/ne-mai-mandrim-si-noi-ca-suntem-romani\/#breadcrumb\",\"itemListElement\":[{\"@type\":\"ListItem\",\"position\":1,\"name\":\"Home\",\"item\":\"https:\/\/www.criserb.com\/blog\/\"},{\"@type\":\"ListItem\",\"position\":2,\"name\":\"Ne mai mandrim si noi ca suntem Romani?\"}]},{\"@type\":\"WebSite\",\"@id\":\"https:\/\/www.criserb.com\/blog\/#website\",\"url\":\"https:\/\/www.criserb.com\/blog\/\",\"name\":\"criserb.com\",\"description\":\"Nimic ce merita citit :)\",\"publisher\":{\"@id\":\"https:\/\/www.criserb.com\/blog\/#\/schema\/person\/8df5199bda4e628c32a10f318d8602b5\"},\"potentialAction\":[{\"@type\":\"SearchAction\",\"target\":{\"@type\":\"EntryPoint\",\"urlTemplate\":\"https:\/\/www.criserb.com\/blog\/?s={search_term_string}\"},\"query-input\":{\"@type\":\"PropertyValueSpecification\",\"valueRequired\":true,\"valueName\":\"search_term_string\"}}],\"inLanguage\":\"en-US\"},{\"@type\":[\"Person\",\"Organization\"],\"@id\":\"https:\/\/www.criserb.com\/blog\/#\/schema\/person\/8df5199bda4e628c32a10f318d8602b5\",\"name\":\"criserb\",\"image\":{\"@type\":\"ImageObject\",\"inLanguage\":\"en-US\",\"@id\":\"https:\/\/www.criserb.com\/blog\/#\/schema\/person\/image\/\",\"url\":\"http:\/\/0.gravatar.com\/avatar\/fdb6cca710f39545f0c4b5b936c390b4?s=96&d=monsterid&r=pg\",\"contentUrl\":\"http:\/\/0.gravatar.com\/avatar\/fdb6cca710f39545f0c4b5b936c390b4?s=96&d=monsterid&r=pg\",\"caption\":\"criserb\"},\"logo\":{\"@id\":\"https:\/\/www.criserb.com\/blog\/#\/schema\/person\/image\/\"},\"sameAs\":[\"http:\/\/www.criserb.com\"],\"url\":\"https:\/\/www.criserb.com\/blog\/author\/criserb\/\"}]}<\/script>\n<!-- \/ Yoast SEO plugin. -->","yoast_head_json":{"title":"Ne mai mandrim si noi ca suntem Romani?","robots":{"index":"index","follow":"follow","max-snippet":"max-snippet:-1","max-image-preview":"max-image-preview:large","max-video-preview":"max-video-preview:-1"},"canonical":"https:\/\/www.criserb.com\/blog\/ne-mai-mandrim-si-noi-ca-suntem-romani\/","twitter_misc":{"Written by":"criserb","Est. reading time":"1 minute"},"schema":{"@context":"https:\/\/schema.org","@graph":[{"@type":"Article","@id":"https:\/\/www.criserb.com\/blog\/ne-mai-mandrim-si-noi-ca-suntem-romani\/#article","isPartOf":{"@id":"https:\/\/www.criserb.com\/blog\/ne-mai-mandrim-si-noi-ca-suntem-romani\/"},"author":{"name":"criserb","@id":"https:\/\/www.criserb.com\/blog\/#\/schema\/person\/8df5199bda4e628c32a10f318d8602b5"},"headline":"Ne mai mandrim si noi ca suntem Romani?","datePublished":"2010-10-21T08:29:37+00:00","dateModified":"2010-10-21T14:29:22+00:00","mainEntityOfPage":{"@id":"https:\/\/www.criserb.com\/blog\/ne-mai-mandrim-si-noi-ca-suntem-romani\/"},"wordCount":125,"commentCount":9,"publisher":{"@id":"https:\/\/www.criserb.com\/blog\/#\/schema\/person\/8df5199bda4e628c32a10f318d8602b5"},"keywords":["7summits","Crina"],"articleSection":["Romanisme"],"inLanguage":"en-US","potentialAction":[{"@type":"CommentAction","name":"Comment","target":["https:\/\/www.criserb.com\/blog\/ne-mai-mandrim-si-noi-ca-suntem-romani\/#respond"]}]},{"@type":"WebPage","@id":"https:\/\/www.criserb.com\/blog\/ne-mai-mandrim-si-noi-ca-suntem-romani\/","url":"https:\/\/www.criserb.com\/blog\/ne-mai-mandrim-si-noi-ca-suntem-romani\/","name":"Ne mai mandrim si noi ca suntem Romani?","isPartOf":{"@id":"https:\/\/www.criserb.com\/blog\/#website"},"datePublished":"2010-10-21T08:29:37+00:00","dateModified":"2010-10-21T14:29:22+00:00","breadcrumb":{"@id":"https:\/\/www.criserb.com\/blog\/ne-mai-mandrim-si-noi-ca-suntem-romani\/#breadcrumb"},"inLanguage":"en-US","potentialAction":[{"@type":"ReadAction","target":["https:\/\/www.criserb.com\/blog\/ne-mai-mandrim-si-noi-ca-suntem-romani\/"]}]},{"@type":"BreadcrumbList","@id":"https:\/\/www.criserb.com\/blog\/ne-mai-mandrim-si-noi-ca-suntem-romani\/#breadcrumb","itemListElement":[{"@type":"ListItem","position":1,"name":"Home","item":"https:\/\/www.criserb.com\/blog\/"},{"@type":"ListItem","position":2,"name":"Ne mai mandrim si noi ca suntem Romani?"}]},{"@type":"WebSite","@id":"https:\/\/www.criserb.com\/blog\/#website","url":"https:\/\/www.criserb.com\/blog\/","name":"criserb.com","description":"Nimic ce merita citit :)","publisher":{"@id":"https:\/\/www.criserb.com\/blog\/#\/schema\/person\/8df5199bda4e628c32a10f318d8602b5"},"potentialAction":[{"@type":"SearchAction","target":{"@type":"EntryPoint","urlTemplate":"https:\/\/www.criserb.com\/blog\/?s={search_term_string}"},"query-input":{"@type":"PropertyValueSpecification","valueRequired":true,"valueName":"search_term_string"}}],"inLanguage":"en-US"},{"@type":["Person","Organization"],"@id":"https:\/\/www.criserb.com\/blog\/#\/schema\/person\/8df5199bda4e628c32a10f318d8602b5","name":"criserb","image":{"@type":"ImageObject","inLanguage":"en-US","@id":"https:\/\/www.criserb.com\/blog\/#\/schema\/person\/image\/","url":"http:\/\/0.gravatar.com\/avatar\/fdb6cca710f39545f0c4b5b936c390b4?s=96&d=monsterid&r=pg","contentUrl":"http:\/\/0.gravatar.com\/avatar\/fdb6cca710f39545f0c4b5b936c390b4?s=96&d=monsterid&r=pg","caption":"criserb"},"logo":{"@id":"https:\/\/www.criserb.com\/blog\/#\/schema\/person\/image\/"},"sameAs":["http:\/\/www.criserb.com"],"url":"https:\/\/www.criserb.com\/blog\/author\/criserb\/"}]}},"_links":{"self":[{"href":"https:\/\/www.criserb.com\/blog\/wp-json\/wp\/v2\/posts\/5777"}],"collection":[{"href":"https:\/\/www.criserb.com\/blog\/wp-json\/wp\/v2\/posts"}],"about":[{"href":"https:\/\/www.criserb.com\/blog\/wp-json\/wp\/v2\/types\/post"}],"author":[{"embeddable":true,"href":"https:\/\/www.criserb.com\/blog\/wp-json\/wp\/v2\/users\/3"}],"replies":[{"embeddable":true,"href":"https:\/\/www.criserb.com\/blog\/wp-json\/wp\/v2\/comments?post=5777"}],"version-history":[{"count":0,"href":"https:\/\/www.criserb.com\/blog\/wp-json\/wp\/v2\/posts\/5777\/revisions"}],"wp:attachment":[{"href":"https:\/\/www.criserb.com\/blog\/wp-json\/wp\/v2\/media?parent=5777"}],"wp:term":[{"taxonomy":"category","embeddable":true,"href":"https:\/\/www.criserb.com\/blog\/wp-json\/wp\/v2\/categories?post=5777"},{"taxonomy":"post_tag","embeddable":true,"href":"https:\/\/www.criserb.com\/blog\/wp-json\/wp\/v2\/tags?post=5777"}],"curies":[{"name":"wp","href":"https:\/\/api.w.org\/{rel}","templated":true}]}}