{"id":7368,"date":"2011-07-14T11:27:01","date_gmt":"2011-07-14T08:27:01","guid":{"rendered":"http:\/\/www.criserb.com\/blog\/?p=7368"},"modified":"2011-07-14T11:41:20","modified_gmt":"2011-07-14T08:41:20","slug":"ratb-introduce-autobuze-de-noapte","status":"publish","type":"post","link":"https:\/\/www.criserb.com\/blog\/ratb-introduce-autobuze-de-noapte\/","title":{"rendered":"RATB introduce autobuze de noapte"},"content":{"rendered":"<p><a href=\"http:\/\/wp.me\/p1Fqfl-1UQ\"><img loading=\"lazy\" decoding=\"async\" style=\"background-image: none; margin: 0px 10px 0px 1px; padding-left: 0px; padding-right: 0px; display: inline; float: left; padding-top: 0px; border: 0px;\" title=\"Late Night Bus\" src=\"http:\/\/www.criserb.com\/blog\/poze\/RATB-introduce-autobuzul-de-noapte_9B56\/Late-Night-Bus_thumb.jpg\" alt=\"Late Night Bus\" width=\"205\" height=\"125\" align=\"left\" border=\"0\" \/><\/a>Da, se pare ca RATB chiar are de gand sa introduca autobuze de noapte in Bucuresti incepand cu noaptea de 15 spre 16 iulie.\u00a0 Vor fi 23 de linii numerotate cu numere de la N101 la N123 ce vor lega centrul orasului de periferii.<\/p>\n<p>Autobuzele vor circula incepand cu ora 23:00 la un interval de 30 minute pana la ora 1:00 iar apoi pana dimineata la 5, din ora in ora, urmand ca dupa ora 5 sa revina la intervalul de 30 minute, pana la ora 6, cand aceste autobuze se vor retrage de pe traseu.<\/p>\n<p><!--more--><\/p>\n<h3>Harta autobuzelor de noapte:<\/h3>\n<h3><a href=\"http:\/\/www.criserb.com\/blog\/poze\/RATB-introduce-autobuzul-de-noapte_9B56\/trasee-autbuze-noapte.jpg\" data-lbwps-width=\"993\" data-lbwps-height=\"768\" data-lbwps-srcsmall=\"https:\/\/www.criserb.com\/blog\/poze\/RATB-introduce-autobuzul-de-noapte_9B56\/trasee-autbuze-noapte.jpg\"><img loading=\"lazy\" decoding=\"async\" style=\"background-image: none; margin: 0px 1px; padding-left: 0px; padding-right: 0px; display: inline; padding-top: 0px; border: 0px;\" title=\"trasee-autbuze-noapte\" src=\"http:\/\/www.criserb.com\/blog\/poze\/RATB-introduce-autobuzul-de-noapte_9B56\/trasee-autbuze-noapte_thumb.jpg\" alt=\"trasee-autbuze-noapte\" width=\"580\" height=\"449\" border=\"0\" \/><\/a><\/h3>\n<h3>Trasee autobuze de noapte:<\/h3>\n<table width=\"580\" border=\"0\" cellspacing=\"0\" cellpadding=\"2\">\n<tbody>\n<tr>\n<td valign=\"top\" width=\"91\">N101<\/td>\n<td valign=\"top\" width=\"489\">Piata Unirii, Piata Universitatii,Cal. Mosilor, Sos. Colentina Pasaj Colentina<\/td>\n<\/tr>\n<tr>\n<td valign=\"top\" width=\"91\">N102<\/td>\n<td valign=\"top\" width=\"489\">Piata Unirii, Piata Universitatii, Bd. Pache Protopopescu, Sos.<br \/>\nIancului,\u00a0 Sos Pantelimon, GRANITU<\/td>\n<\/tr>\n<tr>\n<td valign=\"top\" width=\"91\">N103<\/td>\n<td valign=\"top\" width=\"489\">Piata Unirii, Bd. Unirii Bd. Burebista, Cal. Dudesti, Bd. Camil Ressu,<br \/>\nBd. Th. Pallady, Bd. 1 Decembrie, Faur Poarta 4<\/td>\n<\/tr>\n<tr>\n<td valign=\"top\" width=\"91\">N104<\/td>\n<td valign=\"top\" width=\"489\">Piata Unirii, Bd. Unirii, Bd. Decebal, Str. Dristorului, Str. Baba Novac,<br \/>\nBd. N Grigorescu, Str. Liviu Rebreanu, Barajul Dunarii<\/td>\n<\/tr>\n<tr>\n<td valign=\"top\" width=\"91\">N105<\/td>\n<td valign=\"top\" width=\"489\">Piata Unirii,Bd. Cantemir, Bd. Tineretului, Piata Sudului, Bd. Obregia,<br \/>\nTurnu Magurele<\/td>\n<\/tr>\n<tr>\n<td valign=\"top\" width=\"91\">N106<\/td>\n<td valign=\"top\" width=\"489\">Piata Unirii, Bd. Cantemir, Cal. Serban Voda, Piata Eroii Revolutieri,<br \/>\nSos. Oltenitei, Piata Sudului, Sos. Berceni, Aparatorii Patriei.<\/td>\n<\/tr>\n<tr>\n<td valign=\"top\" width=\"91\">N107<\/td>\n<td valign=\"top\" width=\"489\">Piata Unirii, Bd. D Cantemir, Bd. Marasesti, Str. Dr. Istrate, Sos.<br \/>\nViilor, Piata Eroii Revolutiei, Sos. Giurgiului, CFR Progresul<\/td>\n<\/tr>\n<tr>\n<td valign=\"top\" width=\"91\">N108<\/td>\n<td valign=\"top\" width=\"489\">Piata Unirii, Piata Universitatii, Bd. Carol I, Bd. Ferdinand, Bd. Garii<br \/>\nObor, Str. Baicului, Str. D Slugeru, Str. Heliade intre Vii, Str. Doamna<br \/>\nGhica, Sos. Colentina, Pasaj Colentina<\/td>\n<\/tr>\n<tr>\n<td valign=\"top\" width=\"91\">N109<\/td>\n<td valign=\"top\" width=\"489\">Piata Unirii, Cal. Calarasilor, Bd. Basarabia, Republica<\/td>\n<\/tr>\n<tr>\n<td valign=\"top\" width=\"91\">N110<\/td>\n<td valign=\"top\" width=\"489\">Piata Unirii, Piata Universitatii, Bd. Regina Elisabeta, Splaiul<br \/>\nIndependentei, Str. Virtutii, Sos. Ciurel, Bd.Constructorilor, Cal.<br \/>\nGiulesti,\u00a0 Cartier 16 Februarie<\/td>\n<\/tr>\n<tr>\n<td valign=\"top\" width=\"91\">N111<\/td>\n<td valign=\"top\" width=\"489\">Bd. Unirii, Bd. Unirii, Str. Lucian Blaga Cal Vitan, Str. Fizicienilor, Bd.<br \/>\nTh. Pallady,\u00a0 Complex RATB Titan<\/td>\n<\/tr>\n<tr>\n<td valign=\"top\" width=\"91\">N112<\/td>\n<td valign=\"top\" width=\"489\">Piata Unirii, Bd. Cantemir, Cal. Serban Voda, Piata Eroii Revolutieri,<br \/>\nSos. Oltenitei, Bd. Brancoveanu, Str. Izvorul Rece, Str. Resita, Piata<br \/>\nResita<\/td>\n<\/tr>\n<tr>\n<td valign=\"top\" width=\"91\">N113<\/td>\n<td valign=\"top\" width=\"489\">Piata Unirii, Bd. I.C. Br\u00e3tianu, Bd. Nicolae B\u00e3lcescu, Bd. G-ral Gh.<br \/>\nMagheru, P-\u00e5a Roman\u00e3, Bd. Dacia, Cal. Dorobantilor, Bd. Mare\u00e6al Ctin Prezan, Bd. Marasti, Piata Presei Libere,<\/td>\n<\/tr>\n<tr>\n<td valign=\"top\" width=\"91\">N114<\/td>\n<td valign=\"top\" width=\"489\">Dep Alexandria, Sos. Alexandriei, Cal. Rahovei Br. Regina Maria,<br \/>\nPiata Unirii,<\/td>\n<\/tr>\n<tr>\n<td valign=\"top\" width=\"91\">N115<\/td>\n<td valign=\"top\" width=\"489\">Master, Bd.Iuliu Maniu, Sos. Cotroceni, Splaiul Independentei, Piata<br \/>\nUnirii<\/td>\n<\/tr>\n<tr>\n<td valign=\"top\" width=\"91\">N116<\/td>\n<td valign=\"top\" width=\"489\">Valea Ialomitei, Drumul Taberei, Academia Militara, Bd. Eroilor, Bd.<br \/>\nElisabeta, Piata Universitatii, Bd. Bratianu, Piata Unirii,<\/td>\n<\/tr>\n<tr>\n<td valign=\"top\" width=\"91\">N117<\/td>\n<td valign=\"top\" width=\"489\">Laromet, Bd Bucurestii Noi, Cal Grivitei, Bd. Dacia Piata Romana,<br \/>\nPiata Unirii<\/td>\n<\/tr>\n<tr>\n<td valign=\"top\" width=\"91\">N118<\/td>\n<td valign=\"top\" width=\"489\">Mezes, Sos. Chitilei, Bd. Ion Mihalache, Piata Victoriei, Piata Romana,<br \/>\nPiata Unirii,<\/td>\n<\/tr>\n<tr>\n<td valign=\"top\" width=\"91\">N119<\/td>\n<td valign=\"top\" width=\"489\">CFR. Constanta, Sos. Pipera, Cal. Floreasca, Bd. M. Eliade, Str. Av.<br \/>\nBeller, Cal. Dorobantilor, Bd. Dacia, Piata Roamana, Piata Unirii,<\/td>\n<\/tr>\n<tr>\n<td valign=\"top\" width=\"91\">N120<\/td>\n<td valign=\"top\" width=\"489\">Apusului, Str. Apusului, Bd. Iuliu Maniu, Str. Valea Cascadelor, Bd.<br \/>\nTimisoara, Str. Razoare, Str. Dr. Rainer, Bd. Eroilor, Splaiul<br \/>\nIndependentei\u00a0\u00a0 Piata Unirii<\/td>\n<\/tr>\n<tr>\n<td valign=\"top\" width=\"91\">N121<\/td>\n<td valign=\"top\" width=\"489\">Zetarilor, Cal Ferentarilor, Cal. Rahovei, Sos. Progresului, Cal. 13<br \/>\nSeptembrie, Bd. Libertatii, Str. Natiunile Unite, Splaiul Independentei,<br \/>\nPiata Unirii<\/td>\n<\/tr>\n<tr>\n<td valign=\"top\" width=\"91\">N122<\/td>\n<td valign=\"top\" width=\"489\">Valea Oltului, Bd. Ghencea, Cal. 13 Septembrie, Str. Izvor, Str.<br \/>\nHasdeu, Splaiul Independentei, Piata Unirii<\/td>\n<\/tr>\n<tr>\n<td valign=\"top\" width=\"91\">N123<\/td>\n<td valign=\"top\" width=\"489\">Lacul Tei, Str. Barbu V\u00e3c\u00e3rescu, Str. Tunari, Str. Alecu Russo, Bd.<br \/>\nDacia, Str. Vasile Lasc\u00e3r, Str. Armand C\u00e3linescu, Calea Mo\u00e6ilor, Str.<br \/>\nSf. Vineri, Bd. Coposu, Piata Unirii<\/td>\n<\/tr>\n<\/tbody>\n<\/table>\n<p><strong>Pretul unei calatorii va fi de 1.3 lei.<\/strong><\/p>\n<p>Informatii complete <a href=\"http:\/\/www.ratb.ro\">www.ratb.ro<\/a><\/p>\n<p>Partea buna e ca se introduc, partea proasta e ca intervalul de 1 ora dintre autobuze e destul de mare. Oricum, banuiesc ca soferii de taxi care ocupa tot centrul orasului noaptea si fac mofturi atunci cand le zici ca vrei sa mergi pe o distanta scurta se vor bucura maxim la auzul acestei vesti :P<\/p>\n","protected":false},"excerpt":{"rendered":"<p>Da, se pare ca RATB chiar are de gand sa introduca autobuze de noapte in Bucuresti incepand cu noaptea de 15 spre 16 iulie.\u00a0 Vor fi 23 de linii numerotate cu numere de la N101 la N123 ce vor lega centrul orasului de periferii. Autobuzele vor circula incepand cu ora 23:00 la un interval de&hellip;<\/p>\n","protected":false},"author":3,"featured_media":18581,"comment_status":"open","ping_status":"open","sticky":false,"template":"","format":"standard","meta":{"footnotes":""},"categories":[2156],"tags":[2255,227,2167,2256],"yoast_head":"<!-- This site is optimized with the Yoast SEO plugin v24.5 - https:\/\/yoast.com\/wordpress\/plugins\/seo\/ -->\n<title>RATB introduce autobuze de noapte<\/title>\n<meta name=\"description\" content=\"Incepand cu 15 spre 15 iulie 2011, RATB introduce cursele de noapte ce vor lega centrul bucurestiului de zonele marginase\" \/>\n<meta name=\"robots\" content=\"index, follow, max-snippet:-1, max-image-preview:large, max-video-preview:-1\" \/>\n<link rel=\"canonical\" href=\"https:\/\/www.criserb.com\/blog\/ratb-introduce-autobuze-de-noapte\/\" \/>\n<meta name=\"twitter:label1\" content=\"Written by\" \/>\n\t<meta name=\"twitter:data1\" content=\"criserb\" \/>\n\t<meta name=\"twitter:label2\" content=\"Est. reading time\" \/>\n\t<meta name=\"twitter:data2\" content=\"3 minutes\" \/>\n<script type=\"application\/ld+json\" class=\"yoast-schema-graph\">{\"@context\":\"https:\/\/schema.org\",\"@graph\":[{\"@type\":\"Article\",\"@id\":\"https:\/\/www.criserb.com\/blog\/ratb-introduce-autobuze-de-noapte\/#article\",\"isPartOf\":{\"@id\":\"https:\/\/www.criserb.com\/blog\/ratb-introduce-autobuze-de-noapte\/\"},\"author\":{\"name\":\"criserb\",\"@id\":\"https:\/\/www.criserb.com\/blog\/#\/schema\/person\/8df5199bda4e628c32a10f318d8602b5\"},\"headline\":\"RATB introduce autobuze de noapte\",\"datePublished\":\"2011-07-14T08:27:01+00:00\",\"dateModified\":\"2011-07-14T08:41:20+00:00\",\"mainEntityOfPage\":{\"@id\":\"https:\/\/www.criserb.com\/blog\/ratb-introduce-autobuze-de-noapte\/\"},\"wordCount\":588,\"commentCount\":7,\"publisher\":{\"@id\":\"https:\/\/www.criserb.com\/blog\/#\/schema\/person\/8df5199bda4e628c32a10f318d8602b5\"},\"image\":{\"@id\":\"https:\/\/www.criserb.com\/blog\/ratb-introduce-autobuze-de-noapte\/#primaryimage\"},\"thumbnailUrl\":\"https:\/\/www.criserb.com\/blog\/poze\/2012\/06\/Late-Night-Bus_thumb1.jpg\",\"keywords\":[\"Autobuze de noapte\",\"bucuresti\",\"RATB\",\"Trasnsport\"],\"articleSection\":[\"Bucuresti\"],\"inLanguage\":\"en-US\",\"potentialAction\":[{\"@type\":\"CommentAction\",\"name\":\"Comment\",\"target\":[\"https:\/\/www.criserb.com\/blog\/ratb-introduce-autobuze-de-noapte\/#respond\"]}]},{\"@type\":\"WebPage\",\"@id\":\"https:\/\/www.criserb.com\/blog\/ratb-introduce-autobuze-de-noapte\/\",\"url\":\"https:\/\/www.criserb.com\/blog\/ratb-introduce-autobuze-de-noapte\/\",\"name\":\"RATB introduce autobuze de noapte\",\"isPartOf\":{\"@id\":\"https:\/\/www.criserb.com\/blog\/#website\"},\"primaryImageOfPage\":{\"@id\":\"https:\/\/www.criserb.com\/blog\/ratb-introduce-autobuze-de-noapte\/#primaryimage\"},\"image\":{\"@id\":\"https:\/\/www.criserb.com\/blog\/ratb-introduce-autobuze-de-noapte\/#primaryimage\"},\"thumbnailUrl\":\"https:\/\/www.criserb.com\/blog\/poze\/2012\/06\/Late-Night-Bus_thumb1.jpg\",\"datePublished\":\"2011-07-14T08:27:01+00:00\",\"dateModified\":\"2011-07-14T08:41:20+00:00\",\"description\":\"Incepand cu 15 spre 15 iulie 2011, RATB introduce cursele de noapte ce vor lega centrul bucurestiului de zonele marginase\",\"breadcrumb\":{\"@id\":\"https:\/\/www.criserb.com\/blog\/ratb-introduce-autobuze-de-noapte\/#breadcrumb\"},\"inLanguage\":\"en-US\",\"potentialAction\":[{\"@type\":\"ReadAction\",\"target\":[\"https:\/\/www.criserb.com\/blog\/ratb-introduce-autobuze-de-noapte\/\"]}]},{\"@type\":\"ImageObject\",\"inLanguage\":\"en-US\",\"@id\":\"https:\/\/www.criserb.com\/blog\/ratb-introduce-autobuze-de-noapte\/#primaryimage\",\"url\":\"https:\/\/www.criserb.com\/blog\/poze\/2012\/06\/Late-Night-Bus_thumb1.jpg\",\"contentUrl\":\"https:\/\/www.criserb.com\/blog\/poze\/2012\/06\/Late-Night-Bus_thumb1.jpg\",\"width\":\"205\",\"height\":\"125\"},{\"@type\":\"BreadcrumbList\",\"@id\":\"https:\/\/www.criserb.com\/blog\/ratb-introduce-autobuze-de-noapte\/#breadcrumb\",\"itemListElement\":[{\"@type\":\"ListItem\",\"position\":1,\"name\":\"Home\",\"item\":\"https:\/\/www.criserb.com\/blog\/\"},{\"@type\":\"ListItem\",\"position\":2,\"name\":\"RATB introduce autobuze de noapte\"}]},{\"@type\":\"WebSite\",\"@id\":\"https:\/\/www.criserb.com\/blog\/#website\",\"url\":\"https:\/\/www.criserb.com\/blog\/\",\"name\":\"criserb.com\",\"description\":\"Nimic ce merita citit :)\",\"publisher\":{\"@id\":\"https:\/\/www.criserb.com\/blog\/#\/schema\/person\/8df5199bda4e628c32a10f318d8602b5\"},\"potentialAction\":[{\"@type\":\"SearchAction\",\"target\":{\"@type\":\"EntryPoint\",\"urlTemplate\":\"https:\/\/www.criserb.com\/blog\/?s={search_term_string}\"},\"query-input\":{\"@type\":\"PropertyValueSpecification\",\"valueRequired\":true,\"valueName\":\"search_term_string\"}}],\"inLanguage\":\"en-US\"},{\"@type\":[\"Person\",\"Organization\"],\"@id\":\"https:\/\/www.criserb.com\/blog\/#\/schema\/person\/8df5199bda4e628c32a10f318d8602b5\",\"name\":\"criserb\",\"image\":{\"@type\":\"ImageObject\",\"inLanguage\":\"en-US\",\"@id\":\"https:\/\/www.criserb.com\/blog\/#\/schema\/person\/image\/\",\"url\":\"http:\/\/0.gravatar.com\/avatar\/fdb6cca710f39545f0c4b5b936c390b4?s=96&d=monsterid&r=pg\",\"contentUrl\":\"http:\/\/0.gravatar.com\/avatar\/fdb6cca710f39545f0c4b5b936c390b4?s=96&d=monsterid&r=pg\",\"caption\":\"criserb\"},\"logo\":{\"@id\":\"https:\/\/www.criserb.com\/blog\/#\/schema\/person\/image\/\"},\"sameAs\":[\"http:\/\/www.criserb.com\"],\"url\":\"https:\/\/www.criserb.com\/blog\/author\/criserb\/\"}]}<\/script>\n<!-- \/ Yoast SEO plugin. -->","yoast_head_json":{"title":"RATB introduce autobuze de noapte","description":"Incepand cu 15 spre 15 iulie 2011, RATB introduce cursele de noapte ce vor lega centrul bucurestiului de zonele marginase","robots":{"index":"index","follow":"follow","max-snippet":"max-snippet:-1","max-image-preview":"max-image-preview:large","max-video-preview":"max-video-preview:-1"},"canonical":"https:\/\/www.criserb.com\/blog\/ratb-introduce-autobuze-de-noapte\/","twitter_misc":{"Written by":"criserb","Est. reading time":"3 minutes"},"schema":{"@context":"https:\/\/schema.org","@graph":[{"@type":"Article","@id":"https:\/\/www.criserb.com\/blog\/ratb-introduce-autobuze-de-noapte\/#article","isPartOf":{"@id":"https:\/\/www.criserb.com\/blog\/ratb-introduce-autobuze-de-noapte\/"},"author":{"name":"criserb","@id":"https:\/\/www.criserb.com\/blog\/#\/schema\/person\/8df5199bda4e628c32a10f318d8602b5"},"headline":"RATB introduce autobuze de noapte","datePublished":"2011-07-14T08:27:01+00:00","dateModified":"2011-07-14T08:41:20+00:00","mainEntityOfPage":{"@id":"https:\/\/www.criserb.com\/blog\/ratb-introduce-autobuze-de-noapte\/"},"wordCount":588,"commentCount":7,"publisher":{"@id":"https:\/\/www.criserb.com\/blog\/#\/schema\/person\/8df5199bda4e628c32a10f318d8602b5"},"image":{"@id":"https:\/\/www.criserb.com\/blog\/ratb-introduce-autobuze-de-noapte\/#primaryimage"},"thumbnailUrl":"https:\/\/www.criserb.com\/blog\/poze\/2012\/06\/Late-Night-Bus_thumb1.jpg","keywords":["Autobuze de noapte","bucuresti","RATB","Trasnsport"],"articleSection":["Bucuresti"],"inLanguage":"en-US","potentialAction":[{"@type":"CommentAction","name":"Comment","target":["https:\/\/www.criserb.com\/blog\/ratb-introduce-autobuze-de-noapte\/#respond"]}]},{"@type":"WebPage","@id":"https:\/\/www.criserb.com\/blog\/ratb-introduce-autobuze-de-noapte\/","url":"https:\/\/www.criserb.com\/blog\/ratb-introduce-autobuze-de-noapte\/","name":"RATB introduce autobuze de noapte","isPartOf":{"@id":"https:\/\/www.criserb.com\/blog\/#website"},"primaryImageOfPage":{"@id":"https:\/\/www.criserb.com\/blog\/ratb-introduce-autobuze-de-noapte\/#primaryimage"},"image":{"@id":"https:\/\/www.criserb.com\/blog\/ratb-introduce-autobuze-de-noapte\/#primaryimage"},"thumbnailUrl":"https:\/\/www.criserb.com\/blog\/poze\/2012\/06\/Late-Night-Bus_thumb1.jpg","datePublished":"2011-07-14T08:27:01+00:00","dateModified":"2011-07-14T08:41:20+00:00","description":"Incepand cu 15 spre 15 iulie 2011, RATB introduce cursele de noapte ce vor lega centrul bucurestiului de zonele marginase","breadcrumb":{"@id":"https:\/\/www.criserb.com\/blog\/ratb-introduce-autobuze-de-noapte\/#breadcrumb"},"inLanguage":"en-US","potentialAction":[{"@type":"ReadAction","target":["https:\/\/www.criserb.com\/blog\/ratb-introduce-autobuze-de-noapte\/"]}]},{"@type":"ImageObject","inLanguage":"en-US","@id":"https:\/\/www.criserb.com\/blog\/ratb-introduce-autobuze-de-noapte\/#primaryimage","url":"https:\/\/www.criserb.com\/blog\/poze\/2012\/06\/Late-Night-Bus_thumb1.jpg","contentUrl":"https:\/\/www.criserb.com\/blog\/poze\/2012\/06\/Late-Night-Bus_thumb1.jpg","width":"205","height":"125"},{"@type":"BreadcrumbList","@id":"https:\/\/www.criserb.com\/blog\/ratb-introduce-autobuze-de-noapte\/#breadcrumb","itemListElement":[{"@type":"ListItem","position":1,"name":"Home","item":"https:\/\/www.criserb.com\/blog\/"},{"@type":"ListItem","position":2,"name":"RATB introduce autobuze de noapte"}]},{"@type":"WebSite","@id":"https:\/\/www.criserb.com\/blog\/#website","url":"https:\/\/www.criserb.com\/blog\/","name":"criserb.com","description":"Nimic ce merita citit :)","publisher":{"@id":"https:\/\/www.criserb.com\/blog\/#\/schema\/person\/8df5199bda4e628c32a10f318d8602b5"},"potentialAction":[{"@type":"SearchAction","target":{"@type":"EntryPoint","urlTemplate":"https:\/\/www.criserb.com\/blog\/?s={search_term_string}"},"query-input":{"@type":"PropertyValueSpecification","valueRequired":true,"valueName":"search_term_string"}}],"inLanguage":"en-US"},{"@type":["Person","Organization"],"@id":"https:\/\/www.criserb.com\/blog\/#\/schema\/person\/8df5199bda4e628c32a10f318d8602b5","name":"criserb","image":{"@type":"ImageObject","inLanguage":"en-US","@id":"https:\/\/www.criserb.com\/blog\/#\/schema\/person\/image\/","url":"http:\/\/0.gravatar.com\/avatar\/fdb6cca710f39545f0c4b5b936c390b4?s=96&d=monsterid&r=pg","contentUrl":"http:\/\/0.gravatar.com\/avatar\/fdb6cca710f39545f0c4b5b936c390b4?s=96&d=monsterid&r=pg","caption":"criserb"},"logo":{"@id":"https:\/\/www.criserb.com\/blog\/#\/schema\/person\/image\/"},"sameAs":["http:\/\/www.criserb.com"],"url":"https:\/\/www.criserb.com\/blog\/author\/criserb\/"}]}},"_links":{"self":[{"href":"https:\/\/www.criserb.com\/blog\/wp-json\/wp\/v2\/posts\/7368"}],"collection":[{"href":"https:\/\/www.criserb.com\/blog\/wp-json\/wp\/v2\/posts"}],"about":[{"href":"https:\/\/www.criserb.com\/blog\/wp-json\/wp\/v2\/types\/post"}],"author":[{"embeddable":true,"href":"https:\/\/www.criserb.com\/blog\/wp-json\/wp\/v2\/users\/3"}],"replies":[{"embeddable":true,"href":"https:\/\/www.criserb.com\/blog\/wp-json\/wp\/v2\/comments?post=7368"}],"version-history":[{"count":0,"href":"https:\/\/www.criserb.com\/blog\/wp-json\/wp\/v2\/posts\/7368\/revisions"}],"wp:featuredmedia":[{"embeddable":true,"href":"https:\/\/www.criserb.com\/blog\/wp-json\/wp\/v2\/media\/18581"}],"wp:attachment":[{"href":"https:\/\/www.criserb.com\/blog\/wp-json\/wp\/v2\/media?parent=7368"}],"wp:term":[{"taxonomy":"category","embeddable":true,"href":"https:\/\/www.criserb.com\/blog\/wp-json\/wp\/v2\/categories?post=7368"},{"taxonomy":"post_tag","embeddable":true,"href":"https:\/\/www.criserb.com\/blog\/wp-json\/wp\/v2\/tags?post=7368"}],"curies":[{"name":"wp","href":"https:\/\/api.w.org\/{rel}","templated":true}]}}