{"id":7643,"date":"2011-09-05T15:50:53","date_gmt":"2011-09-05T12:50:53","guid":{"rendered":"http:\/\/www.criserb.com\/blog\/?p=7643"},"modified":"2011-09-05T15:50:15","modified_gmt":"2011-09-05T12:50:15","slug":"ferestrele-din-pvc-se-recicleaza-stiati","status":"publish","type":"post","link":"https:\/\/www.criserb.com\/blog\/ferestrele-din-pvc-se-recicleaza-stiati\/","title":{"rendered":"Ferestrele din PVC se recicleaza, stiati?"},"content":{"rendered":"<p><a href=\"http:\/\/www.criserb.com\/blog\/poze\/Ferestrele-din-PVC-se-recicleaza-stiati_1131C\/gealan.jpg\" data-lbwps-width=\"720\" data-lbwps-height=\"478\" data-lbwps-srcsmall=\"https:\/\/www.criserb.com\/blog\/poze\/Ferestrele-din-PVC-se-recicleaza-stiati_1131C\/gealan.jpg\"><img loading=\"lazy\" decoding=\"async\" style=\"background-image: none; margin: 0px 10px 0px 1px; padding-left: 0px; padding-right: 0px; display: inline; float: left; padding-top: 0px; border: 0px;\" title=\"gealan\" src=\"http:\/\/www.criserb.com\/blog\/poze\/Ferestrele-din-PVC-se-recicleaza-stiati_1131C\/gealan_thumb.jpg\" alt=\"gealan\" width=\"220\" height=\"146\" align=\"left\" border=\"0\" \/><\/a>Scriam nu demult despre reciclare. De atunci am studiat putin fenomenul si in cele din urma am ajuns la ferestrele din PVC. Sincer, nu-mi trecea prin cap ca aceste ferestre se pot recicla :(<\/p>\n<p>Dupa putina documentare pe siteul <strong><a href=\"http:\/\/www.criserb.com\/blog\/go\/ferestre_din_profile_reciclate\/\" target=\"_blank\">Ferestre din profile reciclate<\/a><\/strong> am aflat ca ferestrele noastre din PVC, sau termopan, asa cum am fost noi obisnuiti sa le zicem, se recicleaza, iar o astfel de fereastra reciclata are o durata de viata de cca 40 de ani.<\/p>\n<p>Pe langa asta tamplaria se poate recicla de pana la 7 ori. Practic, dintr-o singura fereastra avem o durata de viata de 280 ani fara a fi nevoie sa privam pamantul de resursele sale si asa pe cale de disparitie.<\/p>\n<p><!--more--><\/p>\n<p>Nu, sa nu credeti ca reciclarea asta a ferestrelor este ieftina, ea totusi implica niste costuri care nu sunt deloc mici, gen costuri de colectare, sortare, procesare si transportul catre producatorul de profile. Cu toate astea pretul final al ferestrei nu depaseste pretul unei ferestre complet noi iar calitatea este aceeasi. Si atunci sa-mi spuneti voi de ce nu e bine sa reciclam?<\/p>\n<p>De ce sa nu salvam si noi natura in masura in care putem, in masura in care sunt companii care ne ofera acest lucru. Ma rog, companii e mult spus pentru ca la noi in tara <a href=\"http:\/\/www.criserb.com\/blog\/go\/gealanro\/\" target=\"_blank\">Gealan<\/a>\u00a0e printre putinii care produc astfel de ferestre reciclate.<\/p>\n<p>Inca un lucru pe care nu l-am stiut si l-am aflat de pe siteul Gealan este felul in care se obtine o omogenizare cat mai buna a materialului, valabila atat pentru ciocolata cat si pentru ferestre.<\/p>\n<blockquote><p>La sf\u00e2r\u015fitul secolului al 19-lea produc\u0103torii elve\u0163ieni de ciocolat\u0103 au descoperit o modalitate de a \u00eembun\u0103t\u0103\u0163i considerabil calitatea\u00a0 ciocolatei produse de ei. Prin amestecare repetat\u0103 timp \u00eendelungat (conching) a rezultat\u00a0 o structur\u0103 fin\u0103 \u015fi cremoas\u0103.<\/p>\n<p>O procedur\u0103 similar\u0103 este utilizat\u0103 \u015fi la profilele reciclate. Multiplele treceri prin procesul de produc\u0163ie aigur\u0103 o omogenitate excelent\u0103 a materialului.<\/p><\/blockquote>\n<p>Bun, hai ca v-am plictisit destul cu informatiile astea dar trebuie sa recunoasteti ca v-am spus lucuri noi de care n-ati auzit pana acum. Sau ma rog, nu toti.<\/p>\n<p>Ca sa va dau si o veste buna, va anunt ca puteti castiga niste premii interesante prin participarea la <a href=\"http:\/\/www.criserb.com\/blog\/go\/discutii_la_fereastra_facebook\/\" target=\"_blank\">concursul organizat de Gealan<\/a> pe pagina lor de facebook intre 5 si 18 septembrie. Nu vad de ce n-ati incerca sa le luati premiile si probabil o sa aflati mai multe lucruri interesante despre reciclare ;)<\/p>\n<p>P.S. Fac parte din juriu, asa ca am sa va urmaresc cu atentie :P<\/p>\n","protected":false},"excerpt":{"rendered":"<p>Scriam nu demult despre reciclare. De atunci am studiat putin fenomenul si in cele din urma am ajuns la ferestrele din PVC. Sincer, nu-mi trecea prin cap ca aceste ferestre se pot recicla :( Dupa putina documentare pe siteul Ferestre din profile reciclate am aflat ca ferestrele noastre din PVC, sau termopan, asa cum am&hellip;<\/p>\n","protected":false},"author":3,"featured_media":18483,"comment_status":"open","ping_status":"open","sticky":false,"template":"","format":"standard","meta":{"footnotes":""},"categories":[61],"tags":[1044,2366,2367],"yoast_head":"<!-- This site is optimized with the Yoast SEO plugin v24.5 - https:\/\/yoast.com\/wordpress\/plugins\/seo\/ -->\n<title>Ferestrele din PVC se recicleaza, stiati?<\/title>\n<meta name=\"robots\" content=\"index, follow, max-snippet:-1, max-image-preview:large, max-video-preview:-1\" \/>\n<link rel=\"canonical\" href=\"https:\/\/www.criserb.com\/blog\/ferestrele-din-pvc-se-recicleaza-stiati\/\" \/>\n<meta name=\"twitter:label1\" content=\"Written by\" \/>\n\t<meta name=\"twitter:data1\" content=\"criserb\" \/>\n\t<meta name=\"twitter:label2\" content=\"Est. reading time\" \/>\n\t<meta name=\"twitter:data2\" content=\"2 minutes\" \/>\n<script type=\"application\/ld+json\" class=\"yoast-schema-graph\">{\"@context\":\"https:\/\/schema.org\",\"@graph\":[{\"@type\":\"Article\",\"@id\":\"https:\/\/www.criserb.com\/blog\/ferestrele-din-pvc-se-recicleaza-stiati\/#article\",\"isPartOf\":{\"@id\":\"https:\/\/www.criserb.com\/blog\/ferestrele-din-pvc-se-recicleaza-stiati\/\"},\"author\":{\"name\":\"criserb\",\"@id\":\"https:\/\/www.criserb.com\/blog\/#\/schema\/person\/8df5199bda4e628c32a10f318d8602b5\"},\"headline\":\"Ferestrele din PVC se recicleaza, stiati?\",\"datePublished\":\"2011-09-05T12:50:53+00:00\",\"mainEntityOfPage\":{\"@id\":\"https:\/\/www.criserb.com\/blog\/ferestrele-din-pvc-se-recicleaza-stiati\/\"},\"wordCount\":425,\"commentCount\":3,\"publisher\":{\"@id\":\"https:\/\/www.criserb.com\/blog\/#\/schema\/person\/8df5199bda4e628c32a10f318d8602b5\"},\"image\":{\"@id\":\"https:\/\/www.criserb.com\/blog\/ferestrele-din-pvc-se-recicleaza-stiati\/#primaryimage\"},\"thumbnailUrl\":\"https:\/\/www.criserb.com\/blog\/poze\/2012\/06\/gealan_thumb1.jpg\",\"keywords\":[\"(P)\",\"Ferestre reciclate\",\"Gealan\"],\"articleSection\":[\"Interesant\"],\"inLanguage\":\"en-US\",\"potentialAction\":[{\"@type\":\"CommentAction\",\"name\":\"Comment\",\"target\":[\"https:\/\/www.criserb.com\/blog\/ferestrele-din-pvc-se-recicleaza-stiati\/#respond\"]}]},{\"@type\":\"WebPage\",\"@id\":\"https:\/\/www.criserb.com\/blog\/ferestrele-din-pvc-se-recicleaza-stiati\/\",\"url\":\"https:\/\/www.criserb.com\/blog\/ferestrele-din-pvc-se-recicleaza-stiati\/\",\"name\":\"Ferestrele din PVC se recicleaza, stiati?\",\"isPartOf\":{\"@id\":\"https:\/\/www.criserb.com\/blog\/#website\"},\"primaryImageOfPage\":{\"@id\":\"https:\/\/www.criserb.com\/blog\/ferestrele-din-pvc-se-recicleaza-stiati\/#primaryimage\"},\"image\":{\"@id\":\"https:\/\/www.criserb.com\/blog\/ferestrele-din-pvc-se-recicleaza-stiati\/#primaryimage\"},\"thumbnailUrl\":\"https:\/\/www.criserb.com\/blog\/poze\/2012\/06\/gealan_thumb1.jpg\",\"datePublished\":\"2011-09-05T12:50:53+00:00\",\"breadcrumb\":{\"@id\":\"https:\/\/www.criserb.com\/blog\/ferestrele-din-pvc-se-recicleaza-stiati\/#breadcrumb\"},\"inLanguage\":\"en-US\",\"potentialAction\":[{\"@type\":\"ReadAction\",\"target\":[\"https:\/\/www.criserb.com\/blog\/ferestrele-din-pvc-se-recicleaza-stiati\/\"]}]},{\"@type\":\"ImageObject\",\"inLanguage\":\"en-US\",\"@id\":\"https:\/\/www.criserb.com\/blog\/ferestrele-din-pvc-se-recicleaza-stiati\/#primaryimage\",\"url\":\"https:\/\/www.criserb.com\/blog\/poze\/2012\/06\/gealan_thumb1.jpg\",\"contentUrl\":\"https:\/\/www.criserb.com\/blog\/poze\/2012\/06\/gealan_thumb1.jpg\",\"width\":\"220\",\"height\":\"146\"},{\"@type\":\"BreadcrumbList\",\"@id\":\"https:\/\/www.criserb.com\/blog\/ferestrele-din-pvc-se-recicleaza-stiati\/#breadcrumb\",\"itemListElement\":[{\"@type\":\"ListItem\",\"position\":1,\"name\":\"Home\",\"item\":\"https:\/\/www.criserb.com\/blog\/\"},{\"@type\":\"ListItem\",\"position\":2,\"name\":\"Ferestrele din PVC se recicleaza, stiati?\"}]},{\"@type\":\"WebSite\",\"@id\":\"https:\/\/www.criserb.com\/blog\/#website\",\"url\":\"https:\/\/www.criserb.com\/blog\/\",\"name\":\"criserb.com\",\"description\":\"Nimic ce merita citit :)\",\"publisher\":{\"@id\":\"https:\/\/www.criserb.com\/blog\/#\/schema\/person\/8df5199bda4e628c32a10f318d8602b5\"},\"potentialAction\":[{\"@type\":\"SearchAction\",\"target\":{\"@type\":\"EntryPoint\",\"urlTemplate\":\"https:\/\/www.criserb.com\/blog\/?s={search_term_string}\"},\"query-input\":{\"@type\":\"PropertyValueSpecification\",\"valueRequired\":true,\"valueName\":\"search_term_string\"}}],\"inLanguage\":\"en-US\"},{\"@type\":[\"Person\",\"Organization\"],\"@id\":\"https:\/\/www.criserb.com\/blog\/#\/schema\/person\/8df5199bda4e628c32a10f318d8602b5\",\"name\":\"criserb\",\"image\":{\"@type\":\"ImageObject\",\"inLanguage\":\"en-US\",\"@id\":\"https:\/\/www.criserb.com\/blog\/#\/schema\/person\/image\/\",\"url\":\"http:\/\/0.gravatar.com\/avatar\/fdb6cca710f39545f0c4b5b936c390b4?s=96&d=monsterid&r=pg\",\"contentUrl\":\"http:\/\/0.gravatar.com\/avatar\/fdb6cca710f39545f0c4b5b936c390b4?s=96&d=monsterid&r=pg\",\"caption\":\"criserb\"},\"logo\":{\"@id\":\"https:\/\/www.criserb.com\/blog\/#\/schema\/person\/image\/\"},\"sameAs\":[\"http:\/\/www.criserb.com\"],\"url\":\"https:\/\/www.criserb.com\/blog\/author\/criserb\/\"}]}<\/script>\n<!-- \/ Yoast SEO plugin. -->","yoast_head_json":{"title":"Ferestrele din PVC se recicleaza, stiati?","robots":{"index":"index","follow":"follow","max-snippet":"max-snippet:-1","max-image-preview":"max-image-preview:large","max-video-preview":"max-video-preview:-1"},"canonical":"https:\/\/www.criserb.com\/blog\/ferestrele-din-pvc-se-recicleaza-stiati\/","twitter_misc":{"Written by":"criserb","Est. reading time":"2 minutes"},"schema":{"@context":"https:\/\/schema.org","@graph":[{"@type":"Article","@id":"https:\/\/www.criserb.com\/blog\/ferestrele-din-pvc-se-recicleaza-stiati\/#article","isPartOf":{"@id":"https:\/\/www.criserb.com\/blog\/ferestrele-din-pvc-se-recicleaza-stiati\/"},"author":{"name":"criserb","@id":"https:\/\/www.criserb.com\/blog\/#\/schema\/person\/8df5199bda4e628c32a10f318d8602b5"},"headline":"Ferestrele din PVC se recicleaza, stiati?","datePublished":"2011-09-05T12:50:53+00:00","mainEntityOfPage":{"@id":"https:\/\/www.criserb.com\/blog\/ferestrele-din-pvc-se-recicleaza-stiati\/"},"wordCount":425,"commentCount":3,"publisher":{"@id":"https:\/\/www.criserb.com\/blog\/#\/schema\/person\/8df5199bda4e628c32a10f318d8602b5"},"image":{"@id":"https:\/\/www.criserb.com\/blog\/ferestrele-din-pvc-se-recicleaza-stiati\/#primaryimage"},"thumbnailUrl":"https:\/\/www.criserb.com\/blog\/poze\/2012\/06\/gealan_thumb1.jpg","keywords":["(P)","Ferestre reciclate","Gealan"],"articleSection":["Interesant"],"inLanguage":"en-US","potentialAction":[{"@type":"CommentAction","name":"Comment","target":["https:\/\/www.criserb.com\/blog\/ferestrele-din-pvc-se-recicleaza-stiati\/#respond"]}]},{"@type":"WebPage","@id":"https:\/\/www.criserb.com\/blog\/ferestrele-din-pvc-se-recicleaza-stiati\/","url":"https:\/\/www.criserb.com\/blog\/ferestrele-din-pvc-se-recicleaza-stiati\/","name":"Ferestrele din PVC se recicleaza, stiati?","isPartOf":{"@id":"https:\/\/www.criserb.com\/blog\/#website"},"primaryImageOfPage":{"@id":"https:\/\/www.criserb.com\/blog\/ferestrele-din-pvc-se-recicleaza-stiati\/#primaryimage"},"image":{"@id":"https:\/\/www.criserb.com\/blog\/ferestrele-din-pvc-se-recicleaza-stiati\/#primaryimage"},"thumbnailUrl":"https:\/\/www.criserb.com\/blog\/poze\/2012\/06\/gealan_thumb1.jpg","datePublished":"2011-09-05T12:50:53+00:00","breadcrumb":{"@id":"https:\/\/www.criserb.com\/blog\/ferestrele-din-pvc-se-recicleaza-stiati\/#breadcrumb"},"inLanguage":"en-US","potentialAction":[{"@type":"ReadAction","target":["https:\/\/www.criserb.com\/blog\/ferestrele-din-pvc-se-recicleaza-stiati\/"]}]},{"@type":"ImageObject","inLanguage":"en-US","@id":"https:\/\/www.criserb.com\/blog\/ferestrele-din-pvc-se-recicleaza-stiati\/#primaryimage","url":"https:\/\/www.criserb.com\/blog\/poze\/2012\/06\/gealan_thumb1.jpg","contentUrl":"https:\/\/www.criserb.com\/blog\/poze\/2012\/06\/gealan_thumb1.jpg","width":"220","height":"146"},{"@type":"BreadcrumbList","@id":"https:\/\/www.criserb.com\/blog\/ferestrele-din-pvc-se-recicleaza-stiati\/#breadcrumb","itemListElement":[{"@type":"ListItem","position":1,"name":"Home","item":"https:\/\/www.criserb.com\/blog\/"},{"@type":"ListItem","position":2,"name":"Ferestrele din PVC se recicleaza, stiati?"}]},{"@type":"WebSite","@id":"https:\/\/www.criserb.com\/blog\/#website","url":"https:\/\/www.criserb.com\/blog\/","name":"criserb.com","description":"Nimic ce merita citit :)","publisher":{"@id":"https:\/\/www.criserb.com\/blog\/#\/schema\/person\/8df5199bda4e628c32a10f318d8602b5"},"potentialAction":[{"@type":"SearchAction","target":{"@type":"EntryPoint","urlTemplate":"https:\/\/www.criserb.com\/blog\/?s={search_term_string}"},"query-input":{"@type":"PropertyValueSpecification","valueRequired":true,"valueName":"search_term_string"}}],"inLanguage":"en-US"},{"@type":["Person","Organization"],"@id":"https:\/\/www.criserb.com\/blog\/#\/schema\/person\/8df5199bda4e628c32a10f318d8602b5","name":"criserb","image":{"@type":"ImageObject","inLanguage":"en-US","@id":"https:\/\/www.criserb.com\/blog\/#\/schema\/person\/image\/","url":"http:\/\/0.gravatar.com\/avatar\/fdb6cca710f39545f0c4b5b936c390b4?s=96&d=monsterid&r=pg","contentUrl":"http:\/\/0.gravatar.com\/avatar\/fdb6cca710f39545f0c4b5b936c390b4?s=96&d=monsterid&r=pg","caption":"criserb"},"logo":{"@id":"https:\/\/www.criserb.com\/blog\/#\/schema\/person\/image\/"},"sameAs":["http:\/\/www.criserb.com"],"url":"https:\/\/www.criserb.com\/blog\/author\/criserb\/"}]}},"_links":{"self":[{"href":"https:\/\/www.criserb.com\/blog\/wp-json\/wp\/v2\/posts\/7643"}],"collection":[{"href":"https:\/\/www.criserb.com\/blog\/wp-json\/wp\/v2\/posts"}],"about":[{"href":"https:\/\/www.criserb.com\/blog\/wp-json\/wp\/v2\/types\/post"}],"author":[{"embeddable":true,"href":"https:\/\/www.criserb.com\/blog\/wp-json\/wp\/v2\/users\/3"}],"replies":[{"embeddable":true,"href":"https:\/\/www.criserb.com\/blog\/wp-json\/wp\/v2\/comments?post=7643"}],"version-history":[{"count":0,"href":"https:\/\/www.criserb.com\/blog\/wp-json\/wp\/v2\/posts\/7643\/revisions"}],"wp:featuredmedia":[{"embeddable":true,"href":"https:\/\/www.criserb.com\/blog\/wp-json\/wp\/v2\/media\/18483"}],"wp:attachment":[{"href":"https:\/\/www.criserb.com\/blog\/wp-json\/wp\/v2\/media?parent=7643"}],"wp:term":[{"taxonomy":"category","embeddable":true,"href":"https:\/\/www.criserb.com\/blog\/wp-json\/wp\/v2\/categories?post=7643"},{"taxonomy":"post_tag","embeddable":true,"href":"https:\/\/www.criserb.com\/blog\/wp-json\/wp\/v2\/tags?post=7643"}],"curies":[{"name":"wp","href":"https:\/\/api.w.org\/{rel}","templated":true}]}}